{"id":5833,"date":"2017-09-02T11:46:12","date_gmt":"2017-09-02T09:46:12","guid":{"rendered":"http:\/\/storytellers.se\/?p=5833"},"modified":"2017-09-02T11:46:12","modified_gmt":"2017-09-02T09:46:12","slug":"berattande-statistik","status":"publish","type":"post","link":"https:\/\/storytellers.se\/?p=5833","title":{"rendered":"Ber\u00e4ttande statistik"},"content":{"rendered":"<p>Ordet statistik kommer fr\u00e5n latinets &#8221;<em>status<\/em>&#8221;, visar allts\u00e5 hur n\u00e5got \u00e4r. Statistikern ber\u00e4ttar om nuet, det f\u00f6rflutna och kanske n\u00e5got om framtiden.<\/p>\n<p>Enligt mitt s\u00e4tt att t\u00e4nka s\u00e5 har all statistik en koppling till m\u00e4nniskor. Att redovisa statistik utan att visa vad detta betyder f\u00f6r m\u00e4nniskor blir fel.<\/p>\n<p>Statistikern \u00e4r helt enkelt en ber\u00e4ttare.<\/p>\n<p><img decoding=\"async\" loading=\"lazy\" src=\"https:\/\/heijbel.files.wordpress.com\/2017\/09\/statistik-001.jpeg\" alt=\"statistik.001.jpeg\" width=\"1024\" height=\"768\" class=\"alignnone size-full wp-image-5836\" \/><\/p>\n<p>Jag tr\u00e4ffade en man inom EU-systemet som arbetade med statistik och analyser. Han tyckte att han hade bra koll p\u00e5 verkligheten, i det h\u00e4r fallet var det gr\u00e4nshandel.<\/p>\n<p>Men han m\u00e4rkte ocks\u00e5 att m\u00e5nga tyckte att det han h\u00f6ll p\u00e5 med, statistik och analyser, verkade trist och sv\u00e5rt att f\u00f6rst\u00e5.<\/p>\n<p>Sj\u00e4lv s\u00e5g han i sitt inre m\u00e4nniskor. Hur de lever i gr\u00e4nstrakterna som han studerade. S\u00e5 han b\u00f6rjade i st\u00e4llet kalla sig ber\u00e4ttare.<\/p>\n<p>Att anv\u00e4nda Storytellingmetoden och krydda ber\u00e4ttelserna med siffror och statistik \u00e4r fullt m\u00f6jligt. All statistik handlar ju ytterst om m\u00e4nniskor och m\u00e4nsklig aktivitet.<\/p>\n<p>Storytelling bidrar, om man s\u00e5 vill, till evolution av organisation. Ber\u00e4ttelserna bygger allts\u00e5 framtid.<\/p>\n<p>L\u00e5ngt innan m\u00e4nniskan b\u00f6rjade beskriva verkligheten i siffror och diagram s\u00e5 g\u00e4llde alltid ber\u00e4ttandet.<\/p>\n<p>Ledare kan n\u00e5 ocks\u00e5 sifferfobiker och diagramdyslektiker med ur\u00e5ldrig beskrivande Storytelling.<\/p>\n<p>Jag vet hur man g\u00f6r.<\/p>\n","protected":false},"excerpt":{"rendered":"<p>Ordet statistik kommer fr\u00e5n latinets &#8221;status&#8221;, visar allts\u00e5 hur n\u00e5got \u00e4r. Statistikern ber\u00e4ttar om nuet, det f\u00f6rflutna och kanske n\u00e5got om framtiden. Enligt mitt s\u00e4tt att t\u00e4nka s\u00e5 har all statistik en koppling till m\u00e4nniskor. Att redovisa statistik utan att visa vad detta betyder f\u00f6r m\u00e4nniskor blir fel. Statistikern \u00e4r helt enkelt en ber\u00e4ttare. Jag&#8230;<\/p>\n","protected":false},"author":2,"featured_media":0,"comment_status":"open","ping_status":"open","sticky":false,"template":"","format":"standard","meta":[],"categories":[2],"tags":[],"_links":{"self":[{"href":"https:\/\/storytellers.se\/index.php?rest_route=\/wp\/v2\/posts\/5833"}],"collection":[{"href":"https:\/\/storytellers.se\/index.php?rest_route=\/wp\/v2\/posts"}],"about":[{"href":"https:\/\/storytellers.se\/index.php?rest_route=\/wp\/v2\/types\/post"}],"author":[{"embeddable":true,"href":"https:\/\/storytellers.se\/index.php?rest_route=\/wp\/v2\/users\/2"}],"replies":[{"embeddable":true,"href":"https:\/\/storytellers.se\/index.php?rest_route=%2Fwp%2Fv2%2Fcomments&post=5833"}],"version-history":[{"count":0,"href":"https:\/\/storytellers.se\/index.php?rest_route=\/wp\/v2\/posts\/5833\/revisions"}],"wp:attachment":[{"href":"https:\/\/storytellers.se\/index.php?rest_route=%2Fwp%2Fv2%2Fmedia&parent=5833"}],"wp:term":[{"taxonomy":"category","embeddable":true,"href":"https:\/\/storytellers.se\/index.php?rest_route=%2Fwp%2Fv2%2Fcategories&post=5833"},{"taxonomy":"post_tag","embeddable":true,"href":"https:\/\/storytellers.se\/index.php?rest_route=%2Fwp%2Fv2%2Ftags&post=5833"}],"curies":[{"name":"wp","href":"https:\/\/api.w.org\/{rel}","templated":true}]}}