{"id":5828,"date":"2017-08-30T16:30:40","date_gmt":"2017-08-30T14:30:40","guid":{"rendered":"http:\/\/storytellers.se\/?p=5828"},"modified":"2017-08-30T16:30:40","modified_gmt":"2017-08-30T14:30:40","slug":"tips-fran-heijbelmodellen","status":"publish","type":"post","link":"https:\/\/storytellers.se\/?p=5828","title":{"rendered":"Tips fr\u00e5n Heijbelmodellen"},"content":{"rendered":"<p>M\u00e4nniskan m\u00e5ste ber\u00e4tta. Det \u00e4r nedlagt i oss. I familjen, med v\u00e4nnerna, p\u00e5 jobbet som tar st\u00f6rre delen av v\u00e5r vakna tid. Men hur g\u00f6r man d\u00e5?<\/p>\n<p>Ber\u00e4tta kan vi alla. Hunden kan sk\u00e4lla, f\u00e5geln sjunger och m\u00e4nniskan lyssnar och ber\u00e4ttar f\u00f6r att f\u00f6rst\u00e5, \u00f6verleva och n\u00e5 framg\u00e5ng.<\/p>\n<p>Om vi nu tror p\u00e5 detta s\u00e5 blir fr\u00e5gan hur vi hanterar denna insikt professionellt p\u00e5 jobbet. M\u00e4nniskan \u00e4r ju \u00e4n i dag samma ber\u00e4ttande djur. Vi fattar v\u00e5ra beslut utifr\u00e5n sinnliga intryck, ber\u00e4ttelser och de k\u00e4nslor dessa v\u00e4cker.<\/p>\n<p>D\u00e4r kommer Corporate Storytelling i och om organisationer in i bilden. Befolkade ber\u00e4ttelser om v\u00e5ra varor och tj\u00e4nster om vilka vi \u00e4r, vad vi kan, vad vi vill och vart vi \u00e4r p\u00e5 v\u00e4g.<\/p>\n<p><img decoding=\"async\" loading=\"lazy\" src=\"https:\/\/heijbel.files.wordpress.com\/2017\/08\/menhurgor2-001.jpeg\" alt=\"menhurgor2.001.jpeg\" width=\"1024\" height=\"768\" class=\"alignnone size-full wp-image-5830\" \/><\/p>\n<p>Hur g\u00f6r man d\u00e5 f\u00f6r att f\u00e5 en f\u00f6rsta sk\u00f6rd?<\/p>\n<p>Praktiska Heijbelmodellen som utvecklats under 2000-talet visar vilka steg som g\u00e4ller:<\/p>\n<p><strong>\u2022   Analys av vad vi s\u00f6ker och strategi f\u00f6r hur vi ska leta och finna<br \/>\n\u2022   Grundl\u00e4ggande skr\u00e4ddarsydd inspirationsf\u00f6rel\u00e4sning utifr\u00e5n bransch, kultur, historia och framtidsvision<br \/>\n\u2022   Workshop d\u00e4r ber\u00e4ttelser delas under erfaren processledares ledning<br \/>\n\u2022   Sk\u00f6rdefest d\u00e4r alla tillsammans v\u00e4rderar och v\u00e4ljer sanna v\u00e4rdeber\u00e4ttelser<br \/>\n\u2022   Diagnos av hur detta blir en del i vardagen f\u00f6r att bygga den ber\u00e4ttande organisationen<\/strong><\/p>\n<p>Utan stories d\u00f6r vi n\u00e4mligen<\/p>\n","protected":false},"excerpt":{"rendered":"<p>M\u00e4nniskan m\u00e5ste ber\u00e4tta. Det \u00e4r nedlagt i oss. I familjen, med v\u00e4nnerna, p\u00e5 jobbet som tar st\u00f6rre delen av v\u00e5r vakna tid. Men hur g\u00f6r man d\u00e5? Ber\u00e4tta kan vi alla. Hunden kan sk\u00e4lla, f\u00e5geln sjunger och m\u00e4nniskan lyssnar och ber\u00e4ttar f\u00f6r att f\u00f6rst\u00e5, \u00f6verleva och n\u00e5 framg\u00e5ng. Om vi nu tror p\u00e5 detta s\u00e5&#8230;<\/p>\n","protected":false},"author":2,"featured_media":0,"comment_status":"open","ping_status":"open","sticky":false,"template":"","format":"standard","meta":[],"categories":[9,11],"tags":[],"_links":{"self":[{"href":"https:\/\/storytellers.se\/index.php?rest_route=\/wp\/v2\/posts\/5828"}],"collection":[{"href":"https:\/\/storytellers.se\/index.php?rest_route=\/wp\/v2\/posts"}],"about":[{"href":"https:\/\/storytellers.se\/index.php?rest_route=\/wp\/v2\/types\/post"}],"author":[{"embeddable":true,"href":"https:\/\/storytellers.se\/index.php?rest_route=\/wp\/v2\/users\/2"}],"replies":[{"embeddable":true,"href":"https:\/\/storytellers.se\/index.php?rest_route=%2Fwp%2Fv2%2Fcomments&post=5828"}],"version-history":[{"count":0,"href":"https:\/\/storytellers.se\/index.php?rest_route=\/wp\/v2\/posts\/5828\/revisions"}],"wp:attachment":[{"href":"https:\/\/storytellers.se\/index.php?rest_route=%2Fwp%2Fv2%2Fmedia&parent=5828"}],"wp:term":[{"taxonomy":"category","embeddable":true,"href":"https:\/\/storytellers.se\/index.php?rest_route=%2Fwp%2Fv2%2Fcategories&post=5828"},{"taxonomy":"post_tag","embeddable":true,"href":"https:\/\/storytellers.se\/index.php?rest_route=%2Fwp%2Fv2%2Ftags&post=5828"}],"curies":[{"name":"wp","href":"https:\/\/api.w.org\/{rel}","templated":true}]}}