{"id":5816,"date":"2017-08-21T07:45:14","date_gmt":"2017-08-21T05:45:14","guid":{"rendered":"http:\/\/storytellers.se\/?p=5816"},"modified":"2017-08-21T07:45:14","modified_gmt":"2017-08-21T05:45:14","slug":"vad-later-ni","status":"publish","type":"post","link":"https:\/\/storytellers.se\/?p=5816","title":{"rendered":"Vad l\u00e5ter ni?"},"content":{"rendered":"<p>N\u00e4r jag h\u00e5ller workshops lyssnar jag p\u00e5 gruppens l\u00e4te innan deltagarna tystnar och jag ska b\u00f6rja. Ljudet av r\u00f6sterna s\u00e4ger s\u00e5 mycket. Sen ska jag, i mitt uppdrag, s\u00f6ka ber\u00e4ttelser och ljud som \u00e4r f\u00f6retagets r\u00f6st.<\/p>\n<p><img decoding=\"async\" loading=\"lazy\" src=\"https:\/\/heijbel.files.wordpress.com\/2017\/08\/19-8-17-001.jpeg\" alt=\"19.8.17.001.jpeg\" width=\"1024\" height=\"768\" class=\"alignnone size-full wp-image-5818\" \/><\/p>\n<p>N\u00e4r det kommer till Corporate Storytelling handlar det, f\u00f6r mig, och f\u00f6r alla framg\u00e5ngsrika f\u00f6retag, om organisationens r\u00f6st. Inte om hur den enskilde kan bli en bra retoriker eller att den ska tr\u00e4na sig i r\u00e4tt kroppsspr\u00e5k &#8211; p\u00e5 individniv\u00e5.<\/p>\n<p>Dra dig i \u00f6rat klia dig p\u00e5 axeln om du vill. Som flockmedlem i f\u00f6retag och organisationer \u00e4r du helt enkelt en del av n\u00e5got st\u00f6rre, det gemensamma varum\u00e4rke som ni bygger tillsammans. Det h\u00e4r \u00e4r inte en individfr\u00e5ga.<\/p>\n<p>Alla organisationer best\u00e5r av m\u00e4nniskor och organisationer beh\u00f6ver ber\u00e4tta f\u00f6r att synas och finnas och f\u00f6r att dela meningen med vad de h\u00e5ller p\u00e5 med. De beh\u00f6ver ocks\u00e5 f\u00e5 kunder, brukare, klienter etc att f\u00f6rst\u00e5 och i b\u00e4sta fall k\u00e4nna in meningen med det hela.<\/p>\n<p>Om man ber\u00e4ttar f\u00e5r man svar och dessa svar bidrar sen till att l\u00e4gga grunden till nya l\u00f6sningar, digitala eller jordiga. Orden g\u00f6r att alla f\u00f6rst\u00e5r vad som p\u00e5g\u00e5r. Verksamheterna kan sen utvecklas utifr\u00e5n den dialog som Corporate Storytelling bidrar med<\/p>\n<p>S\u00e5 fr\u00e5gan blir vad s\u00e4ger ni som grupp? Hur ropar ni och lyssnar in reaktionerna?<\/p>\n","protected":false},"excerpt":{"rendered":"<p>N\u00e4r jag h\u00e5ller workshops lyssnar jag p\u00e5 gruppens l\u00e4te innan deltagarna tystnar och jag ska b\u00f6rja. Ljudet av r\u00f6sterna s\u00e4ger s\u00e5 mycket. Sen ska jag, i mitt uppdrag, s\u00f6ka ber\u00e4ttelser och ljud som \u00e4r f\u00f6retagets r\u00f6st. N\u00e4r det kommer till Corporate Storytelling handlar det, f\u00f6r mig, och f\u00f6r alla framg\u00e5ngsrika f\u00f6retag, om organisationens r\u00f6st. Inte&#8230;<\/p>\n","protected":false},"author":2,"featured_media":0,"comment_status":"open","ping_status":"open","sticky":false,"template":"","format":"standard","meta":[],"categories":[2],"tags":[],"_links":{"self":[{"href":"https:\/\/storytellers.se\/index.php?rest_route=\/wp\/v2\/posts\/5816"}],"collection":[{"href":"https:\/\/storytellers.se\/index.php?rest_route=\/wp\/v2\/posts"}],"about":[{"href":"https:\/\/storytellers.se\/index.php?rest_route=\/wp\/v2\/types\/post"}],"author":[{"embeddable":true,"href":"https:\/\/storytellers.se\/index.php?rest_route=\/wp\/v2\/users\/2"}],"replies":[{"embeddable":true,"href":"https:\/\/storytellers.se\/index.php?rest_route=%2Fwp%2Fv2%2Fcomments&post=5816"}],"version-history":[{"count":0,"href":"https:\/\/storytellers.se\/index.php?rest_route=\/wp\/v2\/posts\/5816\/revisions"}],"wp:attachment":[{"href":"https:\/\/storytellers.se\/index.php?rest_route=%2Fwp%2Fv2%2Fmedia&parent=5816"}],"wp:term":[{"taxonomy":"category","embeddable":true,"href":"https:\/\/storytellers.se\/index.php?rest_route=%2Fwp%2Fv2%2Fcategories&post=5816"},{"taxonomy":"post_tag","embeddable":true,"href":"https:\/\/storytellers.se\/index.php?rest_route=%2Fwp%2Fv2%2Ftags&post=5816"}],"curies":[{"name":"wp","href":"https:\/\/api.w.org\/{rel}","templated":true}]}}