{"id":580,"date":"1999-10-14T18:56:20","date_gmt":"1999-10-14T17:56:20","guid":{"rendered":"http:\/\/heijbel.wordpress.com\/1999\/10\/14\/proffice"},"modified":"1999-10-14T18:56:20","modified_gmt":"1999-10-14T17:56:20","slug":"proffice","status":"publish","type":"post","link":"https:\/\/storytellers.se\/?p=580","title":{"rendered":"Proffice"},"content":{"rendered":"<p>V\u00e4gen fr\u00e5n tidig olydig skrivbyr\u00e5 till internationellt bemanningsf\u00f6retag \u00e4r onekligen sp\u00e4nnande. N\u00e4r Proffice \u00e5r 2000 firade 40-\u00e5rsjubileum kontaktade man d\u00e4rf\u00f6r Matts Heijbel f\u00f6r att f\u00e5 det hela gjort i ett storytellerformat.<\/p>\n<p><!--more--><br \/>\nI samr\u00e5d drogs strategin upp. Genom att sammanfl\u00e4ta livsbanan hos en medarbetare som var j\u00e4mn\u00e5rig med f\u00f6rtaget med allm\u00e4n svensk och internationell historia kom Proffice att beskrivas p\u00e5 ett begripligt s\u00e4tt i en jubileumsskrift. Detta \u00e4r ett exempel p\u00e5 historieskrivning i storytellerformat.<br \/>\nF\u00f6r att ladda ned texten:<br \/>\nklicka h\u00e4r<\/A><\/p>\n","protected":false},"excerpt":{"rendered":"<p>V\u00e4gen fr\u00e5n tidig olydig skrivbyr\u00e5 till internationellt bemanningsf\u00f6retag \u00e4r onekligen sp\u00e4nnande. N\u00e4r Proffice \u00e5r 2000 firade 40-\u00e5rsjubileum kontaktade man d\u00e4rf\u00f6r Matts Heijbel f\u00f6r att f\u00e5 det hela gjort i ett storytellerformat.<\/p>\n","protected":false},"author":2,"featured_media":0,"comment_status":"closed","ping_status":"closed","sticky":false,"template":"","format":"standard","meta":[],"categories":[4],"tags":[],"_links":{"self":[{"href":"https:\/\/storytellers.se\/index.php?rest_route=\/wp\/v2\/posts\/580"}],"collection":[{"href":"https:\/\/storytellers.se\/index.php?rest_route=\/wp\/v2\/posts"}],"about":[{"href":"https:\/\/storytellers.se\/index.php?rest_route=\/wp\/v2\/types\/post"}],"author":[{"embeddable":true,"href":"https:\/\/storytellers.se\/index.php?rest_route=\/wp\/v2\/users\/2"}],"replies":[{"embeddable":true,"href":"https:\/\/storytellers.se\/index.php?rest_route=%2Fwp%2Fv2%2Fcomments&post=580"}],"version-history":[{"count":0,"href":"https:\/\/storytellers.se\/index.php?rest_route=\/wp\/v2\/posts\/580\/revisions"}],"wp:attachment":[{"href":"https:\/\/storytellers.se\/index.php?rest_route=%2Fwp%2Fv2%2Fmedia&parent=580"}],"wp:term":[{"taxonomy":"category","embeddable":true,"href":"https:\/\/storytellers.se\/index.php?rest_route=%2Fwp%2Fv2%2Fcategories&post=580"},{"taxonomy":"post_tag","embeddable":true,"href":"https:\/\/storytellers.se\/index.php?rest_route=%2Fwp%2Fv2%2Ftags&post=580"}],"curies":[{"name":"wp","href":"https:\/\/api.w.org\/{rel}","templated":true}]}}