{"id":5789,"date":"2017-08-08T16:49:17","date_gmt":"2017-08-08T14:49:17","guid":{"rendered":"http:\/\/storytellers.se\/?p=5789"},"modified":"2017-08-08T16:49:17","modified_gmt":"2017-08-08T14:49:17","slug":"jag-kommer-gratis-i-augusti","status":"publish","type":"post","link":"https:\/\/storytellers.se\/?p=5789","title":{"rendered":"Jag kommer gratis i augusti"},"content":{"rendered":"<p>Ska man f\u00e5 till Storytelling m\u00e5ste man ofta v\u00e4cka ledningen, en egen avdelning, kick-off- eller utbildningsg\u00e4nget m fl f\u00f6r att f\u00e5 till det.<\/p>\n<p>P\u00e5 Linkedin har jag  i juli kommenterat  citat ur min bok <strong>Storytelling befolkar varum\u00e4rket<\/strong>. Gensvaret har varit mycket stort med l\u00e5ngt \u00f6ver tiotusen l\u00e4sare.<\/p>\n<p>Jag har erfarenheter fr\u00e5n hundratals f\u00f6retag och organisationer de senaste \u00e5rtiondena. Privata, offentliga och ideella. B\u00e5de i Sverige och runt om i Europa. Jag vet ju hur man ska t\u00e4nka och g\u00f6ra.<\/p>\n<p><em>Show don&#8217;t tell<\/em>, allts\u00e5.<\/p>\n<p>Jag kan i ett senare skede garantera en sk\u00f6rd av ber\u00e4ttelser redan Dag 1 hos er. Ber\u00e4ttelser som sen allts\u00e5 kan s\u00e4ttas i arbete direkt. Jag har en egen metod som alltid fungerar.<\/p>\n<p>Nu \u00e4r semestern slut f\u00f6r m\u00e5nga och jag bjuder d\u00e4rf\u00f6r p\u00e5 detta skr\u00e4ddarsydda inspirationsuppl\u00e4gg.<\/p>\n<p><img decoding=\"async\" loading=\"lazy\" src=\"https:\/\/heijbel.files.wordpress.com\/2017\/08\/stork-helklar.png\" alt=\"stork.helklar.png\" width=\"810\" height=\"567\" class=\"alignnone size-full wp-image-5791\" \/><\/p>\n<p>Ni beh\u00f6ver sen inte anlita mig efter\u00e5t.<\/p>\n<p>Mina krav f\u00f6r att  komma \u00e4r d\u00e4remot att:<\/p>\n<p>\u2022 Ni har tankar att prova p\u00e5 Storytelling i praktiken &#8211; med eller utan mig<br \/>\n\u2022 M\u00e4nniskor som har r\u00e4tt att fatta beslut \u00e4r med n\u00e4r jag kommer<br \/>\n\u2022 Ni h\u00e5ller med lokal och teknik<\/p>\n<p>Jag tar inte betalt i Stockholmsomr\u00e5det men utanf\u00f6r 08 vill  jag ha t\u00e4ckning f\u00f6r resa och ev logi.<\/p>\n<p>Jag har flera m\u00f6jligheter under vecka 34 eller 35. Kontakta mig g\u00e4rna p\u00e5 matts@storytellers.se s\u00e5 kommer jag om vi f\u00e5r ihop det.<\/p>\n","protected":false},"excerpt":{"rendered":"<p>Ska man f\u00e5 till Storytelling m\u00e5ste man ofta v\u00e4cka ledningen, en egen avdelning, kick-off- eller utbildningsg\u00e4nget m fl f\u00f6r att f\u00e5 till det. P\u00e5 Linkedin har jag i juli kommenterat citat ur min bok Storytelling befolkar varum\u00e4rket. Gensvaret har varit mycket stort med l\u00e5ngt \u00f6ver tiotusen l\u00e4sare. Jag har erfarenheter fr\u00e5n hundratals f\u00f6retag och organisationer&#8230;<\/p>\n","protected":false},"author":2,"featured_media":0,"comment_status":"open","ping_status":"open","sticky":false,"template":"","format":"standard","meta":[],"categories":[9],"tags":[],"_links":{"self":[{"href":"https:\/\/storytellers.se\/index.php?rest_route=\/wp\/v2\/posts\/5789"}],"collection":[{"href":"https:\/\/storytellers.se\/index.php?rest_route=\/wp\/v2\/posts"}],"about":[{"href":"https:\/\/storytellers.se\/index.php?rest_route=\/wp\/v2\/types\/post"}],"author":[{"embeddable":true,"href":"https:\/\/storytellers.se\/index.php?rest_route=\/wp\/v2\/users\/2"}],"replies":[{"embeddable":true,"href":"https:\/\/storytellers.se\/index.php?rest_route=%2Fwp%2Fv2%2Fcomments&post=5789"}],"version-history":[{"count":0,"href":"https:\/\/storytellers.se\/index.php?rest_route=\/wp\/v2\/posts\/5789\/revisions"}],"wp:attachment":[{"href":"https:\/\/storytellers.se\/index.php?rest_route=%2Fwp%2Fv2%2Fmedia&parent=5789"}],"wp:term":[{"taxonomy":"category","embeddable":true,"href":"https:\/\/storytellers.se\/index.php?rest_route=%2Fwp%2Fv2%2Fcategories&post=5789"},{"taxonomy":"post_tag","embeddable":true,"href":"https:\/\/storytellers.se\/index.php?rest_route=%2Fwp%2Fv2%2Ftags&post=5789"}],"curies":[{"name":"wp","href":"https:\/\/api.w.org\/{rel}","templated":true}]}}