{"id":578,"date":"1999-08-01T13:43:44","date_gmt":"1999-08-01T12:43:44","guid":{"rendered":"http:\/\/heijbel.wordpress.com\/1999\/08\/01\/naringsdepartementet"},"modified":"1999-08-01T13:43:44","modified_gmt":"1999-08-01T12:43:44","slug":"naringsdepartementet","status":"publish","type":"post","link":"https:\/\/storytellers.se\/?p=578","title":{"rendered":"N\u00e4ringsdepartementet"},"content":{"rendered":"<p>Arbetslivsdelegationen som arbetade p\u00e5 uppdrag av N\u00e4ringsdepartementet fick i uppdrag att skildra och vetenskapligt kommentera svenskt arbetsliv vid tusen\u00e5rsskiftet.  Man var dock os\u00e4ker om arbetslivsforskarna skulle bli f\u00e4rdiga med sina f\u00e4ltarbeten. Framf\u00f6rallt om forskarna skulle v\u00e5ga p\u00e5st\u00e5 n\u00e5got om vad som h\u00e4nde d\u00e4r ute i fabriker och institutioner.<\/p>\n<p><!--more--><br \/>\nVi borde satsa p\u00e5 en arbetslivsdokument\u00e4r, en s\u00e5pa p\u00e5 n\u00e4tet, sa man. D\u00e5 kontaktades n\u00e5gra journalister, bland annat Matts Heijbel. Journalisterna fick uppdraget att g\u00e5 ut och skildra i korta ber\u00e4ttelser vad som h\u00e4nde d\u00e4r ute i det svenska arbetslivet.<br \/>\nMatts Heijbel f\u00f6ljde under cirka 20 veckor en dag i veckan ett f\u00f6retag som tillverkade och lade massiva tr\u00e4golv. Han intervjuade medarbetarna om deras syn p\u00e5 arbete och fritid. Han f\u00f6ljde dem i vardagen och iakttog vad de skrattade \u00e5t och vad de ogillade.<br \/>\nVad l\u00e4ste de i fikarummet? Vad skulle de \u00e4ndra p\u00e5 om de kunde? Vad \u00e5t de?<br \/>\nUnder drygt 20 veckor publicerades en \u201dstory\u201d i veckan p\u00e5 internet. Det visade sig snart att detta ber\u00e4ttarprojekt stimulerade f\u00f6retaget internt. Det var n\u00e5gon som fr\u00e5gade och var intresserad.<br \/>\nDet gjorde ocks\u00e5 nytta i f\u00f6retagsutvecklingen. M\u00e5nga nya id\u00e9er kom fram. Det fungerade i rekryteringen. Spontanans\u00f6kningar kom eftersom de som l\u00e4st ber\u00e4ttelserna p\u00e5 n\u00e4tet tyckte det verkade vara ett s\u00e5 trevligt f\u00f6retag med trevliga m\u00e4nniskor. Det fungerade i marknadsf\u00f6ringen. Fan vilka proffs ni verkar vara p\u00e5 ert f\u00f6retag.<br \/>\nMed hj\u00e4lp av korta, enkla och sanna ber\u00e4ttelser ur verkigheten stimulerades f\u00f6retaget. H\u00e4r f\u00f6ddes corporate storytelling i Sverige. Storytellers.se \u00e4r en naturlig forts\u00e4ttning p\u00e5 det projekt som N\u00e4ringsdepartementet drog ig\u00e5ng strax f\u00f6re tusen\u00e5rsskiftet.<br \/>\nTillsammans med arbetslivsforskarnas slutbet\u00e4nkande till statsr\u00e5det Mona Sahlin, SOU 1999:69, publicerades Heijbels och de andra journalisternas ber\u00e4ttelser under rubriken Vardag p\u00e5 jobbet! under redaktion av Annika \u00c5kerblom.<\/p>\n","protected":false},"excerpt":{"rendered":"<p>Arbetslivsdelegationen som arbetade p\u00e5 uppdrag av N\u00e4ringsdepartementet fick i uppdrag att skildra och vetenskapligt kommentera svenskt arbetsliv vid tusen\u00e5rsskiftet. Man var dock os\u00e4ker om arbetslivsforskarna skulle bli f\u00e4rdiga med sina f\u00e4ltarbeten. Framf\u00f6rallt om forskarna skulle v\u00e5ga p\u00e5st\u00e5 n\u00e5got om vad som h\u00e4nde d\u00e4r ute i fabriker och institutioner.<\/p>\n","protected":false},"author":2,"featured_media":0,"comment_status":"open","ping_status":"closed","sticky":false,"template":"","format":"standard","meta":[],"categories":[4],"tags":[],"_links":{"self":[{"href":"https:\/\/storytellers.se\/index.php?rest_route=\/wp\/v2\/posts\/578"}],"collection":[{"href":"https:\/\/storytellers.se\/index.php?rest_route=\/wp\/v2\/posts"}],"about":[{"href":"https:\/\/storytellers.se\/index.php?rest_route=\/wp\/v2\/types\/post"}],"author":[{"embeddable":true,"href":"https:\/\/storytellers.se\/index.php?rest_route=\/wp\/v2\/users\/2"}],"replies":[{"embeddable":true,"href":"https:\/\/storytellers.se\/index.php?rest_route=%2Fwp%2Fv2%2Fcomments&post=578"}],"version-history":[{"count":0,"href":"https:\/\/storytellers.se\/index.php?rest_route=\/wp\/v2\/posts\/578\/revisions"}],"wp:attachment":[{"href":"https:\/\/storytellers.se\/index.php?rest_route=%2Fwp%2Fv2%2Fmedia&parent=578"}],"wp:term":[{"taxonomy":"category","embeddable":true,"href":"https:\/\/storytellers.se\/index.php?rest_route=%2Fwp%2Fv2%2Fcategories&post=578"},{"taxonomy":"post_tag","embeddable":true,"href":"https:\/\/storytellers.se\/index.php?rest_route=%2Fwp%2Fv2%2Ftags&post=578"}],"curies":[{"name":"wp","href":"https:\/\/api.w.org\/{rel}","templated":true}]}}