{"id":5761,"date":"2017-08-01T11:08:56","date_gmt":"2017-08-01T09:08:56","guid":{"rendered":"http:\/\/storytellers.se\/?p=5761"},"modified":"2017-08-01T11:08:56","modified_gmt":"2017-08-01T09:08:56","slug":"vi-valjer-vara-berattelser","status":"publish","type":"post","link":"https:\/\/storytellers.se\/?p=5761","title":{"rendered":"Vi v\u00e4ljer v\u00e5ra ber\u00e4ttelser"},"content":{"rendered":"<p>Vilken sl\u00e4kt talar du om? Mamma, mormor? Farfar? Dina fantastiska barn? Pappa? Det valonska eller finska ursprunget? Balkan? Iran? Ber\u00e4ttelser visar v\u00e4rderingar vi beh\u00f6ver f\u00f6r att orientera oss.<\/p>\n<p>Vi v\u00e4ljer alla v\u00e5ra stories. Rensar gammalt skit, betonar det som v\u00e4xer gott, blickar fram\u00e5t. Det g\u00e4ller \u00e4ven n\u00e4r vi odlar organisationskultur. <\/p>\n<p>Ber\u00e4ttelsernas uppdrag \u00e4r att visa och att bygga kultur. Och att l\u00e4mna en del bakom oss.  Det vet varenda folklorist. Det vet ocks\u00e5 var och en av oss.<\/p>\n<p><img decoding=\"async\" loading=\"lazy\" src=\"https:\/\/heijbel.files.wordpress.com\/2017\/08\/31-juli-001.jpeg\" alt=\"31 juli.001.jpeg\" width=\"1024\" height=\"768\" class=\"alignnone size-full wp-image-5763\" \/><\/p>\n<p>Tar man tanken in i f\u00f6retag och organisationer (dagens tribes) s\u00e5 \u00e4r det p\u00e5 s\u00e4tt och vis samma sak. Vissa  h\u00e4ndelser ur v\u00e5rt f\u00f6rflutna vill vi (precis som tribes) gl\u00f6mma och l\u00e4gga i p\u00e5sen andra beh\u00f6ver vi. Vi beh\u00f6ver ocks\u00e5 betona nytt och annat.<\/p>\n<p>Ber\u00e4ttelser visar v\u00e4gen till en framtid vi vill se och dela.<\/p>\n<p>Som r\u00e5dgivare och inspirat\u00f6r, t o m  som pastor i Corporate Storytelling-kyrkan,  som jag brukar sk\u00e4mta om, talar jag om dessa tankar. Vi v\u00e4ljer allts\u00e5 ber\u00e4ttelser f\u00f6r att vi vill leva vidare. Vi vill utvecklas och n\u00e5 framg\u00e5ng.<\/p>\n<p>Man kan g\u00e4rna kalla det organisationsevolution eller kanske f\u00f6retagsevolution om man vill. (<em>hoppsan nya ord som kom just nu<\/em>)<\/p>\n<p>Organisationsutvecklarna kan anv\u00e4nda Storytellingen, sk\u00f6rdad och hanterad, till att st\u00f6tta de \u00f6nskade v\u00e4rderingar som ger utveckling<\/p>\n","protected":false},"excerpt":{"rendered":"<p>Vilken sl\u00e4kt talar du om? Mamma, mormor? Farfar? Dina fantastiska barn? Pappa? Det valonska eller finska ursprunget? Balkan? Iran? Ber\u00e4ttelser visar v\u00e4rderingar vi beh\u00f6ver f\u00f6r att orientera oss. Vi v\u00e4ljer alla v\u00e5ra stories. Rensar gammalt skit, betonar det som v\u00e4xer gott, blickar fram\u00e5t. Det g\u00e4ller \u00e4ven n\u00e4r vi odlar organisationskultur. Ber\u00e4ttelsernas uppdrag \u00e4r att visa&#8230;<\/p>\n","protected":false},"author":2,"featured_media":0,"comment_status":"open","ping_status":"open","sticky":false,"template":"","format":"standard","meta":[],"categories":[11],"tags":[],"_links":{"self":[{"href":"https:\/\/storytellers.se\/index.php?rest_route=\/wp\/v2\/posts\/5761"}],"collection":[{"href":"https:\/\/storytellers.se\/index.php?rest_route=\/wp\/v2\/posts"}],"about":[{"href":"https:\/\/storytellers.se\/index.php?rest_route=\/wp\/v2\/types\/post"}],"author":[{"embeddable":true,"href":"https:\/\/storytellers.se\/index.php?rest_route=\/wp\/v2\/users\/2"}],"replies":[{"embeddable":true,"href":"https:\/\/storytellers.se\/index.php?rest_route=%2Fwp%2Fv2%2Fcomments&post=5761"}],"version-history":[{"count":0,"href":"https:\/\/storytellers.se\/index.php?rest_route=\/wp\/v2\/posts\/5761\/revisions"}],"wp:attachment":[{"href":"https:\/\/storytellers.se\/index.php?rest_route=%2Fwp%2Fv2%2Fmedia&parent=5761"}],"wp:term":[{"taxonomy":"category","embeddable":true,"href":"https:\/\/storytellers.se\/index.php?rest_route=%2Fwp%2Fv2%2Fcategories&post=5761"},{"taxonomy":"post_tag","embeddable":true,"href":"https:\/\/storytellers.se\/index.php?rest_route=%2Fwp%2Fv2%2Ftags&post=5761"}],"curies":[{"name":"wp","href":"https:\/\/api.w.org\/{rel}","templated":true}]}}