{"id":5754,"date":"2017-07-31T21:25:25","date_gmt":"2017-07-31T19:25:25","guid":{"rendered":"http:\/\/storytellers.se\/?p=5754"},"modified":"2017-07-31T21:25:25","modified_gmt":"2017-07-31T19:25:25","slug":"dagligen-bygger-storytelling-historien","status":"publish","type":"post","link":"https:\/\/storytellers.se\/?p=5754","title":{"rendered":"Dagligen bygger Storytelling historien"},"content":{"rendered":"<p>Vad kul att du ska komma till oss och k\u00f6ra Storytelling. D\u00e5 m\u00e5ste du tr\u00e4ffa Eva som jobbat h\u00e4r i 38 \u00e5r. Javisst, svarar jag, men g\u00e4rna ocks\u00e5 den senast anst\u00e4llda.<\/p>\n<p>Det \u00e4r vanligt att de som kontaktar mig \u00e4r ute efter att ta tag i sin historia. Det \u00e4r till och med s\u00e5 att organisationer, p\u00e5 sina mallade hemsidor, har rubriken: V\u00e5r historia och i och med det tycker att de h\u00e5ller p\u00e5 med Storytelling.<\/p>\n<p>Det \u00e4r inget fel med det, men <em><strong>Corporate Storytelling och Storytelling in and about Organizations<\/strong><\/em> \u00e4r mycket mer sp\u00e4nnande \u00e4n s\u00e5.<\/p>\n<p>Jag brukar f\u00f6rs\u00f6ka undvika att anv\u00e4nda ordet organisationshistorier eftersom det rent spr\u00e5kligt l\u00e4tt f\u00f6r tanken till det f\u00f6rflutna eller till roliga historier typ: <em>Tysken, Fransken och Bellman<\/em>. Jag f\u00f6redrar d\u00e4rf\u00f6r i mitt arbete att anv\u00e4nda orden ber\u00e4ttelser eller stories.<\/p>\n<p><img decoding=\"async\" loading=\"lazy\" src=\"https:\/\/heijbel.files.wordpress.com\/2017\/07\/keynote-1.jpeg\" alt=\"keynote.1.jpeg\" width=\"4000\" height=\"2250\" class=\"alignnone size-full wp-image-5757\" \/><\/p>\n<p>Det finns \u00e4nd\u00e5 en sp\u00e4nnande tanke kring allt detta. Vi beh\u00f6ver f\u00f6rst\u00e5s kontakt med det f\u00f6rflutna och hur allt blev som det blev liksom vi beh\u00f6ver ber\u00e4tta vad vi vill ska ske.<\/p>\n<p>Vi kan d\u00e4rf\u00f6r v\u00e4lja ut ber\u00e4ttelser fr\u00e5n det f\u00f6rflutna som b\u00e4r v\u00e4rderingar som fungerar ocks\u00e5 i dagens analys och som hj\u00e4lper f\u00f6retaget vidare in  i en framtid.<\/p>\n<p>Genom att s\u00f6ka ber\u00e4ttelser fr\u00e5n v\u00e5r samtid kan vi samtidigt f\u00e5nga  h\u00e4ndelser, sk\u00f6rdade nu, som d\u00e5 direkt i realtid dagligen bygger upp v\u00e5r gemensamma historia.<\/p>\n","protected":false},"excerpt":{"rendered":"<p>Vad kul att du ska komma till oss och k\u00f6ra Storytelling. D\u00e5 m\u00e5ste du tr\u00e4ffa Eva som jobbat h\u00e4r i 38 \u00e5r. Javisst, svarar jag, men g\u00e4rna ocks\u00e5 den senast anst\u00e4llda. Det \u00e4r vanligt att de som kontaktar mig \u00e4r ute efter att ta tag i sin historia. Det \u00e4r till och med s\u00e5 att&#8230;<\/p>\n","protected":false},"author":2,"featured_media":0,"comment_status":"open","ping_status":"open","sticky":false,"template":"","format":"standard","meta":[],"categories":[11],"tags":[],"_links":{"self":[{"href":"https:\/\/storytellers.se\/index.php?rest_route=\/wp\/v2\/posts\/5754"}],"collection":[{"href":"https:\/\/storytellers.se\/index.php?rest_route=\/wp\/v2\/posts"}],"about":[{"href":"https:\/\/storytellers.se\/index.php?rest_route=\/wp\/v2\/types\/post"}],"author":[{"embeddable":true,"href":"https:\/\/storytellers.se\/index.php?rest_route=\/wp\/v2\/users\/2"}],"replies":[{"embeddable":true,"href":"https:\/\/storytellers.se\/index.php?rest_route=%2Fwp%2Fv2%2Fcomments&post=5754"}],"version-history":[{"count":0,"href":"https:\/\/storytellers.se\/index.php?rest_route=\/wp\/v2\/posts\/5754\/revisions"}],"wp:attachment":[{"href":"https:\/\/storytellers.se\/index.php?rest_route=%2Fwp%2Fv2%2Fmedia&parent=5754"}],"wp:term":[{"taxonomy":"category","embeddable":true,"href":"https:\/\/storytellers.se\/index.php?rest_route=%2Fwp%2Fv2%2Fcategories&post=5754"},{"taxonomy":"post_tag","embeddable":true,"href":"https:\/\/storytellers.se\/index.php?rest_route=%2Fwp%2Fv2%2Ftags&post=5754"}],"curies":[{"name":"wp","href":"https:\/\/api.w.org\/{rel}","templated":true}]}}