{"id":5748,"date":"2017-07-30T23:40:51","date_gmt":"2017-07-30T21:40:51","guid":{"rendered":"http:\/\/storytellers.se\/?p=5748"},"modified":"2017-07-30T23:40:51","modified_gmt":"2017-07-30T21:40:51","slug":"man-behover-inte-ha-med-allt","status":"publish","type":"post","link":"https:\/\/storytellers.se\/?p=5748","title":{"rendered":"Man beh\u00f6ver inte ha med allt"},"content":{"rendered":"<p>N\u00e4r en person som \u00e4r v\u00e4l insatt i ett skeende, en aff\u00e4r, en produkt eller en tj\u00e4nst ska ber\u00e4tta s\u00e5 bygger den ofta upp sin redovisning p\u00e5 siffror tabeller och diagram. I v\u00e4rsta fall h\u00f6gl\u00e4sning fr\u00e5n en power-point.<\/p>\n<p><em>Corporate Storytelling eller Storytelling i och om organisationer, varor och tj\u00e4nster<\/em> ger en enkel dramaturgisk story om en h\u00e4ndelse som i ett enda slag ger en aha-upplevelse som direkt visar vad det handlar om.<\/p>\n<p><img decoding=\"async\" loading=\"lazy\" src=\"https:\/\/heijbel.files.wordpress.com\/2017\/07\/img_0988.jpg\" alt=\"IMG_0988.jpg\" width=\"3264\" height=\"2448\" class=\"alignnone size-full wp-image-5750\" \/><\/p>\n<p>Man ska d\u00e5 absolut  inte bjuda in &#8221;<strong><em>Fullst\u00e4ndighetsdj\u00e4vulen<\/em><\/strong>&#8221; som kr\u00e4ver ett l\u00e5ngt f\u00f6rspel om hur det egentligen var innan det blev som det blev. Och som g\u00e4rna vill betona hur mycket som m\u00e5ste s\u00e4gas innan man kan s\u00e4ga det man egentligen vill s\u00e4ga.<\/p>\n<p>Fullst\u00e4ndighetsdj\u00e4vulen garderar sig in i minsta detalj och bygger g\u00e4rna upp en rad motargument innan ifr\u00e5gas\u00e4ttandet ens har kommit.<\/p>\n<p>Storytelling i f\u00f6retag och organisationer ska lita p\u00e5 lyssnaren, l\u00e4saren och tittaren och anv\u00e4nda sig av klassisk enkel dramaturgi som l\u00e5ter andra tycka och k\u00e4nna sj\u00e4lva.<\/p>\n<p>Fullst\u00e4ndighetsdj\u00e4vulen har redan arenor i \u00e5rsber\u00e4ttelser, stelopererade hemsidor och kommunikationsnerv\u00f6sa ledningsgrupper.<\/p>\n<p>Storytelling befolkar och emotionaliserar ist\u00e4llet verkligheten men l\u00e5ter inte Fullst\u00e4ndighetsdj\u00e4vulen tynga den sanna ber\u00e4ttelsen<\/p>\n<p>Det kan verka  sv\u00e5rt men det g\u00e5r!<\/p>\n","protected":false},"excerpt":{"rendered":"<p>N\u00e4r en person som \u00e4r v\u00e4l insatt i ett skeende, en aff\u00e4r, en produkt eller en tj\u00e4nst ska ber\u00e4tta s\u00e5 bygger den ofta upp sin redovisning p\u00e5 siffror tabeller och diagram. I v\u00e4rsta fall h\u00f6gl\u00e4sning fr\u00e5n en power-point. Corporate Storytelling eller Storytelling i och om organisationer, varor och tj\u00e4nster ger en enkel dramaturgisk story om&#8230;<\/p>\n","protected":false},"author":2,"featured_media":0,"comment_status":"open","ping_status":"open","sticky":false,"template":"","format":"standard","meta":[],"categories":[11],"tags":[],"_links":{"self":[{"href":"https:\/\/storytellers.se\/index.php?rest_route=\/wp\/v2\/posts\/5748"}],"collection":[{"href":"https:\/\/storytellers.se\/index.php?rest_route=\/wp\/v2\/posts"}],"about":[{"href":"https:\/\/storytellers.se\/index.php?rest_route=\/wp\/v2\/types\/post"}],"author":[{"embeddable":true,"href":"https:\/\/storytellers.se\/index.php?rest_route=\/wp\/v2\/users\/2"}],"replies":[{"embeddable":true,"href":"https:\/\/storytellers.se\/index.php?rest_route=%2Fwp%2Fv2%2Fcomments&post=5748"}],"version-history":[{"count":0,"href":"https:\/\/storytellers.se\/index.php?rest_route=\/wp\/v2\/posts\/5748\/revisions"}],"wp:attachment":[{"href":"https:\/\/storytellers.se\/index.php?rest_route=%2Fwp%2Fv2%2Fmedia&parent=5748"}],"wp:term":[{"taxonomy":"category","embeddable":true,"href":"https:\/\/storytellers.se\/index.php?rest_route=%2Fwp%2Fv2%2Fcategories&post=5748"},{"taxonomy":"post_tag","embeddable":true,"href":"https:\/\/storytellers.se\/index.php?rest_route=%2Fwp%2Fv2%2Ftags&post=5748"}],"curies":[{"name":"wp","href":"https:\/\/api.w.org\/{rel}","templated":true}]}}