{"id":5742,"date":"2017-07-28T15:00:42","date_gmt":"2017-07-28T13:00:42","guid":{"rendered":"http:\/\/storytellers.se\/?p=5742"},"modified":"2017-07-28T15:00:42","modified_gmt":"2017-07-28T13:00:42","slug":"ta-emot-med-en-bukett-berattelser","status":"publish","type":"post","link":"https:\/\/storytellers.se\/?p=5742","title":{"rendered":"Ta emot med en bukett ber\u00e4ttelser"},"content":{"rendered":"<p>Hur hittar man de b\u00e4sta medarbetarna? Vad ska man s\u00e4ga f\u00f6r att bli synlig och inte bara ge torra beskrivningar om organisationens prestanda och villkor. Svaret \u00e4r: <strong><em>Storytelling<\/em><\/strong>!<\/p>\n<p>Att bygga ett attraktivt arbetsgivarvarum\u00e4rke, s\u00e5 kallad <em>Employer Branding<\/em>, innefattar ibland ber\u00e4ttelsernas stora betydelse. Jag anlitas d\u00e5 f\u00f6r att s\u00f6ka, finna, sk\u00f6rda och s\u00e4tta organisationsber\u00e4ttelser i arbete. Det beh\u00f6vs en repertoar av stories som kan b\u00e4ras av organisationen och framf\u00f6rallt av de enskilda medarbetarna.<\/p>\n<p>Det samma g\u00e4ller den som s\u00f6ker jobb. Hen beh\u00f6ver stories om sig sj\u00e4lv och om varf\u00f6r just hen skulle passa in och g\u00f6ra skillnad i den nya organisationen. M\u00e5nga g\u00e5nger har jag st\u00f6ttat jobbs\u00f6kande med ropet: <em>CV, javisst. Men det \u00e4r storyn du f\u00e5r jobbet p\u00e5<\/em>.<\/p>\n<p><img decoding=\"async\" loading=\"lazy\" src=\"https:\/\/heijbel.files.wordpress.com\/2017\/07\/img_0984.jpg\" alt=\"IMG_0984.jpg\" width=\"3264\" height=\"2448\" class=\"alignnone size-full wp-image-5745\" \/><\/p>\n<p>N\u00e4r en ny medarbetare ska introduceras i en organisation anser jag att personen ska v\u00e4lkomnas bland annat med en bukett ber\u00e4ttelser. Kanske 5-6 h\u00e4ndelsebaserade stories som visar organisationens sj\u00e4lvbild.<\/p>\n<p>Jag ger chefen r\u00e5det att st\u00e4mma av i ett m\u00f6te efter en m\u00e5nad f\u00f6r att h\u00f6ra hur det \u00e4r och hur det g\u00e5r. Den nya medarbetaren ska d\u00e5 ocks\u00e5 f\u00e5 tillf\u00e4lle att sj\u00e4lv ber\u00e4tta de 5-6 ber\u00e4ttelserna fritt p\u00e5 sitt s\u00e4tt.<\/p>\n<p>D\u00e5 kan chefen och organisationen ocks\u00e5 f\u00e5 h\u00f6ra  den nyanl\u00e4ndas egna ber\u00e4ttelser. F\u00e5ngade med den nyas egna fr\u00e4scha \u00f6gon.<\/p>\n","protected":false},"excerpt":{"rendered":"<p>Hur hittar man de b\u00e4sta medarbetarna? Vad ska man s\u00e4ga f\u00f6r att bli synlig och inte bara ge torra beskrivningar om organisationens prestanda och villkor. Svaret \u00e4r: Storytelling! Att bygga ett attraktivt arbetsgivarvarum\u00e4rke, s\u00e5 kallad Employer Branding, innefattar ibland ber\u00e4ttelsernas stora betydelse. Jag anlitas d\u00e5 f\u00f6r att s\u00f6ka, finna, sk\u00f6rda och s\u00e4tta organisationsber\u00e4ttelser i arbete&#8230;.<\/p>\n","protected":false},"author":2,"featured_media":0,"comment_status":"open","ping_status":"open","sticky":false,"template":"","format":"standard","meta":[],"categories":[11],"tags":[],"_links":{"self":[{"href":"https:\/\/storytellers.se\/index.php?rest_route=\/wp\/v2\/posts\/5742"}],"collection":[{"href":"https:\/\/storytellers.se\/index.php?rest_route=\/wp\/v2\/posts"}],"about":[{"href":"https:\/\/storytellers.se\/index.php?rest_route=\/wp\/v2\/types\/post"}],"author":[{"embeddable":true,"href":"https:\/\/storytellers.se\/index.php?rest_route=\/wp\/v2\/users\/2"}],"replies":[{"embeddable":true,"href":"https:\/\/storytellers.se\/index.php?rest_route=%2Fwp%2Fv2%2Fcomments&post=5742"}],"version-history":[{"count":0,"href":"https:\/\/storytellers.se\/index.php?rest_route=\/wp\/v2\/posts\/5742\/revisions"}],"wp:attachment":[{"href":"https:\/\/storytellers.se\/index.php?rest_route=%2Fwp%2Fv2%2Fmedia&parent=5742"}],"wp:term":[{"taxonomy":"category","embeddable":true,"href":"https:\/\/storytellers.se\/index.php?rest_route=%2Fwp%2Fv2%2Fcategories&post=5742"},{"taxonomy":"post_tag","embeddable":true,"href":"https:\/\/storytellers.se\/index.php?rest_route=%2Fwp%2Fv2%2Ftags&post=5742"}],"curies":[{"name":"wp","href":"https:\/\/api.w.org\/{rel}","templated":true}]}}