{"id":5734,"date":"2017-07-25T20:21:52","date_gmt":"2017-07-25T18:21:52","guid":{"rendered":"http:\/\/storytellers.se\/?p=5734"},"modified":"2017-07-25T20:21:52","modified_gmt":"2017-07-25T18:21:52","slug":"se-till-att-det-hander-och-beratta-sen","status":"publish","type":"post","link":"https:\/\/storytellers.se\/?p=5734","title":{"rendered":"Se till att det h\u00e4nder och ber\u00e4tta sen"},"content":{"rendered":"<p>Jag har \u00e4nda sedan b\u00f6rjan av 2000-talet ropat: &#8221; <em><strong>Befolka varum\u00e4rket, verkligheten duger<\/strong><\/em>&#8221;. S\u00e5 ropar jag \u00e4n idag. Det betyder inte att f\u00f6retag och organisationer bara ska v\u00e4nta p\u00e5 att verkligheten blir redo att l\u00e5ta sig beskrivas.<\/p>\n<p>I Sverige \u00e4r vi exempelvis bortsk\u00e4mda med Kampradber\u00e4ttelser. Stories om denne m\u00e4rklige man som \u00e5stadkommit s\u00e5 mycket med sina h\u00e4ngivna medarbetare. H\u00e4ndelser som han ofta regisserat f\u00f6r att det ska bli ber\u00e4ttelser om vad han gjorde och som visar Ikeas kultur och v\u00e4rderingar.<\/p>\n<p><img decoding=\"async\" loading=\"lazy\" src=\"https:\/\/heijbel.files.wordpress.com\/2017\/07\/img_0978.jpg\" alt=\"IMG_0978.jpg\" width=\"3264\" height=\"2448\" class=\"alignnone size-full wp-image-5736\" \/><\/p>\n<p>Som n\u00e4r han skulle inviga den ombyggda butiken som han st\u00f6ttar i sin hembygd. Det var f\u00f6rberett med Sverigeband och allt. Ingvar fick saxen som han f\u00f6rv\u00e4ntades klippa bandet med.<\/p>\n<p>Men inte Kamprad. Han rullade omsorgsfullt ihop bandet, la saxen \u00e5t sidan och sa att det vore synd att klippa av ett s\u00e5 fint band. Det kunde man ju \u00e5teranv\u00e4nda n\u00e5gon g\u00e5ng i st\u00e4llet. Kanske om man startar tillverkning av ostkaka i bygden,eller n\u00e5t&#8230;<\/p>\n<p>M\u00e5nga ledare jag tr\u00e4ffar arbetar inte med sin organisationskultur f\u00f6r de vet inte var och hur de ska starta. Att bygga upp en ber\u00e4ttarrepertoar kan vara en god start. Och att regissera sig sj\u00e4lv och sin organisation kan d\u00e5 vara ett av flera verktyg.<\/p>\n<p>Storytelling kan bygga framtid och visa riktning \u00e4ven om det som skedde var regisserat.<\/p>\n","protected":false},"excerpt":{"rendered":"<p>Jag har \u00e4nda sedan b\u00f6rjan av 2000-talet ropat: &#8221; Befolka varum\u00e4rket, verkligheten duger&#8221;. S\u00e5 ropar jag \u00e4n idag. Det betyder inte att f\u00f6retag och organisationer bara ska v\u00e4nta p\u00e5 att verkligheten blir redo att l\u00e5ta sig beskrivas. I Sverige \u00e4r vi exempelvis bortsk\u00e4mda med Kampradber\u00e4ttelser. Stories om denne m\u00e4rklige man som \u00e5stadkommit s\u00e5 mycket med&#8230;<\/p>\n","protected":false},"author":2,"featured_media":0,"comment_status":"open","ping_status":"open","sticky":false,"template":"","format":"standard","meta":[],"categories":[11],"tags":[],"_links":{"self":[{"href":"https:\/\/storytellers.se\/index.php?rest_route=\/wp\/v2\/posts\/5734"}],"collection":[{"href":"https:\/\/storytellers.se\/index.php?rest_route=\/wp\/v2\/posts"}],"about":[{"href":"https:\/\/storytellers.se\/index.php?rest_route=\/wp\/v2\/types\/post"}],"author":[{"embeddable":true,"href":"https:\/\/storytellers.se\/index.php?rest_route=\/wp\/v2\/users\/2"}],"replies":[{"embeddable":true,"href":"https:\/\/storytellers.se\/index.php?rest_route=%2Fwp%2Fv2%2Fcomments&post=5734"}],"version-history":[{"count":0,"href":"https:\/\/storytellers.se\/index.php?rest_route=\/wp\/v2\/posts\/5734\/revisions"}],"wp:attachment":[{"href":"https:\/\/storytellers.se\/index.php?rest_route=%2Fwp%2Fv2%2Fmedia&parent=5734"}],"wp:term":[{"taxonomy":"category","embeddable":true,"href":"https:\/\/storytellers.se\/index.php?rest_route=%2Fwp%2Fv2%2Fcategories&post=5734"},{"taxonomy":"post_tag","embeddable":true,"href":"https:\/\/storytellers.se\/index.php?rest_route=%2Fwp%2Fv2%2Ftags&post=5734"}],"curies":[{"name":"wp","href":"https:\/\/api.w.org\/{rel}","templated":true}]}}