{"id":5727,"date":"2017-07-24T15:54:40","date_gmt":"2017-07-24T13:54:40","guid":{"rendered":"http:\/\/storytellers.se\/?p=5727"},"modified":"2017-07-24T15:54:40","modified_gmt":"2017-07-24T13:54:40","slug":"stories-kan-korsa-granser","status":"publish","type":"post","link":"https:\/\/storytellers.se\/?p=5727","title":{"rendered":"Stories kan korsa gr\u00e4nser"},"content":{"rendered":"<p>Att m\u00e4nniskor ber\u00e4ttar \u00e4r en naturlag. Se dialogen mellan individer, samtal i familjen och ber\u00e4ttelser p\u00e5 jobbet. F\u00f6r mig som arbetat med hundratals f\u00f6retag och organisationer \u00e4r detta en klar utg\u00e5ngspunkt. Organisationer utan r\u00f6st g\u00e5r ju under.<\/p>\n<p>Jag har arbetat b\u00e5de inom privata n\u00e4ringslivet och i offentliga verksamheter med att finna ber\u00e4ttelserna som g\u00f6r att andra delar av organisationen f\u00f6rst\u00e5r vad de g\u00f6r d\u00e4r borta i andra huset eller p\u00e5 andra v\u00e5ningen.<\/p>\n<p>En slags intern marknadsf\u00f6ring allts\u00e5.<\/p>\n<p><em>Corporate Storytelling eller Storytelling i och om organisationer<\/em> kan anv\u00e4ndas f\u00f6r att minska d\u00e5liga gap och \u00f6ka medvetenhet och samh\u00f6righet f\u00f6r att tillsammans vinna framtid.<\/p>\n<p><img decoding=\"async\" loading=\"lazy\" src=\"https:\/\/heijbel.files.wordpress.com\/2017\/07\/img_0964.jpg\" alt=\"IMG_0964.jpg\" width=\"2448\" height=\"3264\" class=\"alignnone size-full wp-image-5729\" \/><\/p>\n<p>Ska d\u00e5 internationella f\u00f6retag betona och v\u00e4rdes\u00e4tta olikheterna eller ska de arbeta f\u00f6r en och samma f\u00f6retagskultur som st\u00e5r \u00f6ver nationella traditioner och attityder?<\/p>\n<p>Det \u00e4r f\u00f6rst\u00e5s olika<\/p>\n<p>Det s\u00e4tts p\u00e5 sin spets n\u00e4r jag arbetar i EU-sammanhang. Jag kallar de nationella representanterna &#8221;<em>cross-border-people<\/em>&#8221;. F\u00f6r att visa EU-projektet beh\u00f6ver de ber\u00e4ttelser som visar att de g\u00e5r \u00f6ver nationella gr\u00e4nser.<\/p>\n<p>N\u00e4r Ikeavaruhusen sprids \u00f6ver v\u00e4rlden \u00e4r det inte fr\u00e5gan om hur de g\u00f6r i Kina, Tyskland, USA eller Sverige? Fr\u00e5gan blir snarare:<\/p>\n<p>Hur g\u00f6r en ikean?<\/p>\n<p>Den fr\u00e5gan bygger ocks\u00e5 ber\u00e4ttelser.<\/p>\n","protected":false},"excerpt":{"rendered":"<p>Att m\u00e4nniskor ber\u00e4ttar \u00e4r en naturlag. Se dialogen mellan individer, samtal i familjen och ber\u00e4ttelser p\u00e5 jobbet. F\u00f6r mig som arbetat med hundratals f\u00f6retag och organisationer \u00e4r detta en klar utg\u00e5ngspunkt. Organisationer utan r\u00f6st g\u00e5r ju under. Jag har arbetat b\u00e5de inom privata n\u00e4ringslivet och i offentliga verksamheter med att finna ber\u00e4ttelserna som g\u00f6r att&#8230;<\/p>\n","protected":false},"author":2,"featured_media":0,"comment_status":"open","ping_status":"open","sticky":false,"template":"","format":"standard","meta":[],"categories":[11],"tags":[],"_links":{"self":[{"href":"https:\/\/storytellers.se\/index.php?rest_route=\/wp\/v2\/posts\/5727"}],"collection":[{"href":"https:\/\/storytellers.se\/index.php?rest_route=\/wp\/v2\/posts"}],"about":[{"href":"https:\/\/storytellers.se\/index.php?rest_route=\/wp\/v2\/types\/post"}],"author":[{"embeddable":true,"href":"https:\/\/storytellers.se\/index.php?rest_route=\/wp\/v2\/users\/2"}],"replies":[{"embeddable":true,"href":"https:\/\/storytellers.se\/index.php?rest_route=%2Fwp%2Fv2%2Fcomments&post=5727"}],"version-history":[{"count":0,"href":"https:\/\/storytellers.se\/index.php?rest_route=\/wp\/v2\/posts\/5727\/revisions"}],"wp:attachment":[{"href":"https:\/\/storytellers.se\/index.php?rest_route=%2Fwp%2Fv2%2Fmedia&parent=5727"}],"wp:term":[{"taxonomy":"category","embeddable":true,"href":"https:\/\/storytellers.se\/index.php?rest_route=%2Fwp%2Fv2%2Fcategories&post=5727"},{"taxonomy":"post_tag","embeddable":true,"href":"https:\/\/storytellers.se\/index.php?rest_route=%2Fwp%2Fv2%2Ftags&post=5727"}],"curies":[{"name":"wp","href":"https:\/\/api.w.org\/{rel}","templated":true}]}}