{"id":5721,"date":"2017-07-19T15:01:55","date_gmt":"2017-07-19T13:01:55","guid":{"rendered":"http:\/\/storytellers.se\/?p=5721"},"modified":"2017-07-19T15:01:55","modified_gmt":"2017-07-19T13:01:55","slug":"sank-garden-och-tala-med-din-van","status":"publish","type":"post","link":"https:\/\/storytellers.se\/?p=5721","title":{"rendered":"S\u00e4nk garden och tala med din v\u00e4n"},"content":{"rendered":"<p>Jag p\u00e5st\u00e5r att Business Storytelling \u00e4r emotionell kommunikation. Du siktar inte p\u00e5 att utmana r\u00e4knehj\u00e4rnan och faktakontoret hos den som lyssnar. Snarare vill du dela en k\u00e4nsla och ber\u00f6ra. Vid l\u00e4gerelden.<\/p>\n<p>Du ska  inte att l\u00e4mna en rapport eller redovisa ett m\u00e4tresultat. Du skall  inte l\u00e4sa h\u00f6gt ur en upp-punktad powerpoint-presentation som ni ser framf\u00f6r er. <\/p>\n<p>Att bli ber\u00f6rd kan inneb\u00e4ra att man blir glad, arg, r\u00f6rd eller \u00f6verraskad. Den som tar till sig ber\u00e4ttelsen kan f\u00f6rhoppningsvis f\u00e5 en kick eller aha-upplevelse av den verkliga h\u00e4ndelse du ber\u00e4ttar om fr\u00e5n er verksamhet.<\/p>\n<p>M\u00e4nniskan \u00e4r 40 g\u00e5nger mer mottaglig f\u00f6r en sann emotionell story \u00e4n av faktaredovisning, p\u00e5st\u00e5r Harvardforskare. Stories stannar l\u00e4ngre \u00e4n fakta hos m\u00e4nniskan &#8211; ibland livsl\u00e5ngt. Det \u00e4r s\u00e5 vi \u00e4r designade.<\/p>\n<p>Ber\u00e4ttelsen handlar om m\u00e4nniskor och m\u00e4nniskan beh\u00f6ver k\u00e4nna in ber\u00e4ttelser f\u00f6r att orientera sig och f\u00f6rst\u00e5.<\/p>\n<p><img decoding=\"async\" loading=\"lazy\" src=\"https:\/\/heijbel.files.wordpress.com\/2017\/07\/img_0935.jpg\" alt=\"IMG_0935.jpg\" width=\"3264\" height=\"2448\" class=\"alignnone size-full wp-image-5723\" \/><\/p>\n<p>F\u00f6r s\u00e4kerhets skull: Jag vet att siffror, pilar, boxar, diagram och nyckeltal som ryms i faktuell kommunikation ocks\u00e5 beh\u00f6vs! Lagen kr\u00e4ver till och med \u00e5rsredovisningar.  <\/p>\n<p>Ibland \u00f6nskar jag att lagen kr\u00e4vde Corporate Storytelling ocks\u00e5&#8230;<\/p>\n<p>Lyft inte garden och f\u00f6rsvara din ber\u00e4ttelse. Det beh\u00f6vs inte. Tala bara om en viktig h\u00e4ndelse.<\/p>\n<p>F\u00f6rh\u00e5ll dig i ber\u00e4ttandet som om du talar med en god v\u00e4n.<\/p>\n","protected":false},"excerpt":{"rendered":"<p>Jag p\u00e5st\u00e5r att Business Storytelling \u00e4r emotionell kommunikation. Du siktar inte p\u00e5 att utmana r\u00e4knehj\u00e4rnan och faktakontoret hos den som lyssnar. Snarare vill du dela en k\u00e4nsla och ber\u00f6ra. Vid l\u00e4gerelden. Du ska inte att l\u00e4mna en rapport eller redovisa ett m\u00e4tresultat. Du skall inte l\u00e4sa h\u00f6gt ur en upp-punktad powerpoint-presentation som ni ser framf\u00f6r&#8230;<\/p>\n","protected":false},"author":2,"featured_media":0,"comment_status":"open","ping_status":"open","sticky":false,"template":"","format":"standard","meta":[],"categories":[11],"tags":[],"_links":{"self":[{"href":"https:\/\/storytellers.se\/index.php?rest_route=\/wp\/v2\/posts\/5721"}],"collection":[{"href":"https:\/\/storytellers.se\/index.php?rest_route=\/wp\/v2\/posts"}],"about":[{"href":"https:\/\/storytellers.se\/index.php?rest_route=\/wp\/v2\/types\/post"}],"author":[{"embeddable":true,"href":"https:\/\/storytellers.se\/index.php?rest_route=\/wp\/v2\/users\/2"}],"replies":[{"embeddable":true,"href":"https:\/\/storytellers.se\/index.php?rest_route=%2Fwp%2Fv2%2Fcomments&post=5721"}],"version-history":[{"count":0,"href":"https:\/\/storytellers.se\/index.php?rest_route=\/wp\/v2\/posts\/5721\/revisions"}],"wp:attachment":[{"href":"https:\/\/storytellers.se\/index.php?rest_route=%2Fwp%2Fv2%2Fmedia&parent=5721"}],"wp:term":[{"taxonomy":"category","embeddable":true,"href":"https:\/\/storytellers.se\/index.php?rest_route=%2Fwp%2Fv2%2Fcategories&post=5721"},{"taxonomy":"post_tag","embeddable":true,"href":"https:\/\/storytellers.se\/index.php?rest_route=%2Fwp%2Fv2%2Ftags&post=5721"}],"curies":[{"name":"wp","href":"https:\/\/api.w.org\/{rel}","templated":true}]}}