{"id":5708,"date":"2017-07-18T12:10:19","date_gmt":"2017-07-18T10:10:19","guid":{"rendered":"http:\/\/storytellers.se\/?p=5708"},"modified":"2017-07-18T12:10:19","modified_gmt":"2017-07-18T10:10:19","slug":"dags-att-skorda-kulturen","status":"publish","type":"post","link":"https:\/\/storytellers.se\/?p=5708","title":{"rendered":"Dags att sk\u00f6rda kulturen"},"content":{"rendered":"<p>N\u00e4r jag b\u00f6rjade med Business Storytelling f\u00f6r m\u00e5nga \u00e5r sedan saknades det en del ord. Jag fick skapa dem sj\u00e4lv. <strong>Ber\u00e4ttarkapital<\/strong> exempelvis kom jag p\u00e5 f\u00f6r cirka 15 \u00e5r sedan. Eller <strong>F\u00f6retagsfolklore<\/strong> som passar mig som gammal antropolog och oberoende f\u00f6retagare.<\/p>\n<p>Man kan ocks\u00e5 kalla det <strong>Sk\u00f6rdefest<\/strong> n\u00e4r man delar ber\u00e4ttelser i den flock som tillsammans vill \u00e5stadkomma nyttiga varor och tj\u00e4nster.<\/p>\n<p><img decoding=\"async\" loading=\"lazy\" src=\"https:\/\/heijbel.files.wordpress.com\/2017\/07\/img_0932.jpg\" alt=\"IMG_0932.jpg\" width=\"3264\" height=\"2448\" class=\"alignnone size-full wp-image-5710\" \/><\/p>\n<p>I titeln till boken Storytelling befolkar varum\u00e4rket s\u00e4ger jag:  &#8221;<strong>Befolka Varum\u00e4rket<\/strong>&#8221; ett uttryck som jag minns f\u00f6ddes i en diskussion p\u00e5 ett caf\u00e9 p\u00e5 Kornshamnstorg i Stockholm.<\/p>\n<p>Jag var d\u00e5 s\u00e5 hj\u00e4rtinnerlig tr\u00f6tt p\u00e5 alla varum\u00e4rkesplattformar med 4-5 ord och n\u00e5got abstrakt som kallades  vision och mission hit och dit. Dessa plattformar uttryckte sig ju som om det inte var m\u00e4nniskor allt handlade om.<\/p>\n<p>Organisation \u00e4r ju m\u00e4nniskor&#8230;.<\/p>\n<p>Kultur handlar om att odla. Man f\u00e5r b\u00e5de pl\u00f6ja och s\u00e5 innan man kan sk\u00f6rda. Organisationskulturen visar vad vi kan, vad vi vill, var vi kommer i fr\u00e5n, var vi \u00e4r i dag, och vart vi \u00e4r p\u00e5 v\u00e4g.<\/p>\n<p>Pilar och boxar visar inte detta. Det \u00e4r m\u00e4nniskor som ligger bakom och m\u00e4nniskor uttrycker sig i ber\u00e4ttelser. Detta \u00e4r en naturlag oavsett om ber\u00e4ttelserna delas framf\u00f6r elden i en grotta, vid fikabordet eller p\u00e5 Facebook.  Dem ska vi sk\u00f6rda och anv\u00e4nda.<\/p>\n","protected":false},"excerpt":{"rendered":"<p>N\u00e4r jag b\u00f6rjade med Business Storytelling f\u00f6r m\u00e5nga \u00e5r sedan saknades det en del ord. Jag fick skapa dem sj\u00e4lv. Ber\u00e4ttarkapital exempelvis kom jag p\u00e5 f\u00f6r cirka 15 \u00e5r sedan. Eller F\u00f6retagsfolklore som passar mig som gammal antropolog och oberoende f\u00f6retagare. Man kan ocks\u00e5 kalla det Sk\u00f6rdefest n\u00e4r man delar ber\u00e4ttelser i den flock som&#8230;<\/p>\n","protected":false},"author":2,"featured_media":0,"comment_status":"open","ping_status":"open","sticky":false,"template":"","format":"standard","meta":[],"categories":[11],"tags":[],"_links":{"self":[{"href":"https:\/\/storytellers.se\/index.php?rest_route=\/wp\/v2\/posts\/5708"}],"collection":[{"href":"https:\/\/storytellers.se\/index.php?rest_route=\/wp\/v2\/posts"}],"about":[{"href":"https:\/\/storytellers.se\/index.php?rest_route=\/wp\/v2\/types\/post"}],"author":[{"embeddable":true,"href":"https:\/\/storytellers.se\/index.php?rest_route=\/wp\/v2\/users\/2"}],"replies":[{"embeddable":true,"href":"https:\/\/storytellers.se\/index.php?rest_route=%2Fwp%2Fv2%2Fcomments&post=5708"}],"version-history":[{"count":0,"href":"https:\/\/storytellers.se\/index.php?rest_route=\/wp\/v2\/posts\/5708\/revisions"}],"wp:attachment":[{"href":"https:\/\/storytellers.se\/index.php?rest_route=%2Fwp%2Fv2%2Fmedia&parent=5708"}],"wp:term":[{"taxonomy":"category","embeddable":true,"href":"https:\/\/storytellers.se\/index.php?rest_route=%2Fwp%2Fv2%2Fcategories&post=5708"},{"taxonomy":"post_tag","embeddable":true,"href":"https:\/\/storytellers.se\/index.php?rest_route=%2Fwp%2Fv2%2Ftags&post=5708"}],"curies":[{"name":"wp","href":"https:\/\/api.w.org\/{rel}","templated":true}]}}