{"id":5701,"date":"2017-07-17T11:46:48","date_gmt":"2017-07-17T09:46:48","guid":{"rendered":"http:\/\/storytellers.se\/?p=5701"},"modified":"2017-07-17T11:46:48","modified_gmt":"2017-07-17T09:46:48","slug":"3m-anvander-post-it-for-att-paminna-sig","status":"publish","type":"post","link":"https:\/\/storytellers.se\/?p=5701","title":{"rendered":"3M anv\u00e4nder Post-it f\u00f6r att p\u00e5minna sig"},"content":{"rendered":"<p>Organisationsber\u00e4ttelser \u00e4r ett kapital. Och kapital ska, som vi l\u00e4rt oss,  arbeta f\u00f6r att utvecklas och f\u00f6rr\u00e4ntas.<\/p>\n<p>Det finns goda klassiker p\u00e5 det h\u00e4r omr\u00e5det. 3M v\u00e5rdar till exempel ber\u00e4ttelsen om Post-it-lappen som om det vore en kronjuvel i organisationen. Vilken den ocks\u00e5 \u00e4r.<\/p>\n<p>I dag s\u00e4ljer man Post-it-lappen i 150 l\u00e4nder och den finns ocks\u00e5 i en m\u00e4ngd olika digitala sammanhang i v\u00e5ra datorer, som en symbol f\u00f6r hur vi f\u00e5ngar och leker med v\u00e5ra tankar.<\/p>\n<p><img decoding=\"async\" loading=\"lazy\" src=\"https:\/\/heijbel.files.wordpress.com\/2017\/07\/tomorrow-1426606__340.png\" alt=\"tomorrow-1426606__340.png\" width=\"328\" height=\"340\" class=\"alignnone size-full wp-image-5703\" \/><\/p>\n<p>Produktutvecklaren hade t\u00e4nkt g\u00f6ra ett superlim men fick bara ett misslyckat klibb som en kollega senare kom p\u00e5 att anv\u00e4nda i kyrkok\u00f6ren f\u00f6r att markera sidor utan att tejpskada koralboken.<\/p>\n<p>Ber\u00e4ttelsen om Post-it-lappen upprepar 3M \u00e4n i dag f\u00f6r att den \u00e4r just en kronjuvel eller vad man nu ska kalla den.<\/p>\n<p>F\u00f6r 3M \u00e4r denna story d\u00e4rf\u00f6r inte bara ett D\u00c5. Att det h\u00e4nde en g\u00e5ng. Den \u00e4r ocks\u00e5 ett NU som visar att man har plats f\u00f6r envisa utvecklare som f\u00e5r tid att g\u00f6ra fel och g\u00f6ra om, komma p\u00e5 och t\u00e4nka om f\u00f6r att n\u00e5 ett SEN.<\/p>\n<p>Ber\u00e4ttelsen \u00e4r allts\u00e5 inte bara en historieskrivning om en produkt utan en spegling av en kultur som hanterar sin kunskap f\u00f6r att bygga framtid. Att bygga SEN.<\/p>\n<p>D\u00e4rf\u00f6r v\u00e5rdar 3M \u00f6mt ber\u00e4ttelsen fortfarande efter 35 \u00e5r.<\/p>\n","protected":false},"excerpt":{"rendered":"<p>Organisationsber\u00e4ttelser \u00e4r ett kapital. Och kapital ska, som vi l\u00e4rt oss, arbeta f\u00f6r att utvecklas och f\u00f6rr\u00e4ntas. Det finns goda klassiker p\u00e5 det h\u00e4r omr\u00e5det. 3M v\u00e5rdar till exempel ber\u00e4ttelsen om Post-it-lappen som om det vore en kronjuvel i organisationen. Vilken den ocks\u00e5 \u00e4r. I dag s\u00e4ljer man Post-it-lappen i 150 l\u00e4nder och den finns&#8230;<\/p>\n","protected":false},"author":2,"featured_media":0,"comment_status":"open","ping_status":"open","sticky":false,"template":"","format":"standard","meta":[],"categories":[4],"tags":[],"_links":{"self":[{"href":"https:\/\/storytellers.se\/index.php?rest_route=\/wp\/v2\/posts\/5701"}],"collection":[{"href":"https:\/\/storytellers.se\/index.php?rest_route=\/wp\/v2\/posts"}],"about":[{"href":"https:\/\/storytellers.se\/index.php?rest_route=\/wp\/v2\/types\/post"}],"author":[{"embeddable":true,"href":"https:\/\/storytellers.se\/index.php?rest_route=\/wp\/v2\/users\/2"}],"replies":[{"embeddable":true,"href":"https:\/\/storytellers.se\/index.php?rest_route=%2Fwp%2Fv2%2Fcomments&post=5701"}],"version-history":[{"count":0,"href":"https:\/\/storytellers.se\/index.php?rest_route=\/wp\/v2\/posts\/5701\/revisions"}],"wp:attachment":[{"href":"https:\/\/storytellers.se\/index.php?rest_route=%2Fwp%2Fv2%2Fmedia&parent=5701"}],"wp:term":[{"taxonomy":"category","embeddable":true,"href":"https:\/\/storytellers.se\/index.php?rest_route=%2Fwp%2Fv2%2Fcategories&post=5701"},{"taxonomy":"post_tag","embeddable":true,"href":"https:\/\/storytellers.se\/index.php?rest_route=%2Fwp%2Fv2%2Ftags&post=5701"}],"curies":[{"name":"wp","href":"https:\/\/api.w.org\/{rel}","templated":true}]}}