{"id":5691,"date":"2017-07-15T10:33:38","date_gmt":"2017-07-15T08:33:38","guid":{"rendered":"http:\/\/storytellers.se\/?p=5691"},"modified":"2017-07-15T10:33:38","modified_gmt":"2017-07-15T08:33:38","slug":"trana-pa-barnen-4","status":"publish","type":"post","link":"https:\/\/storytellers.se\/?p=5691","title":{"rendered":"Tr\u00e4na p\u00e5 barnen"},"content":{"rendered":"<p>N\u00e4r jag blev helt inriktad p\u00e5 <em>Storytelling i och om organisationer<\/em> f\u00f6r snart 20 \u00e5r sedan s\u00e5 slog det mig snart att den absolut n\u00e4rmaste organisationen jag sj\u00e4lv tillh\u00f6r \u00e4r familjen, flocken. Organisation \u00e4r ju m\u00e4nniskor och m\u00e4nniskor bygger relationer och kultur genom att dela ber\u00e4ttelser.<\/p>\n<p>S\u00e5, parallellt med att undervisa p\u00e5 universitet och h\u00f6gskolor och ta uppdrag fr\u00e5n allt fler f\u00f6retag och arbetsorganisationer, s\u00e5 b\u00f6rjade jag ocks\u00e5 ber\u00e4tta om mig sj\u00e4lv f\u00f6r mina barn som var i r\u00e4tt praktiska \u00e5ldrar d\u00e5.<\/p>\n<p><img decoding=\"async\" loading=\"lazy\" src=\"https:\/\/heijbel.files.wordpress.com\/2017\/07\/img_0905.jpg\" alt=\"IMG_0905.jpg\" width=\"3264\" height=\"2448\" class=\"alignnone size-full wp-image-5693\" \/><\/p>\n<p>Jag hade r\u00e4tt m\u00e5nga barn och hade b\u00f6rjat tr\u00f6ttna p\u00e5 att l\u00e4sa dessa eviga samma sagor ur v\u00e5rt kulturarv, hur pedagogiska &#8211; eller ofta opedagogiska &#8211; de \u00e4n var. Jag somnade ju ocks\u00e5 ibland mitt i sagan och vaknade till av en besviken barnr\u00f6st som sa: Men pappa, forts\u00e4tt d\u00e5&#8230;<\/p>\n<p>Jag b\u00f6rjade d\u00e5 ist\u00e4llet ber\u00e4tta om n\u00e4r jag, pappa Matts, cyklade omkull, om den g\u00e5ngen jag hade snattat, f\u00f6rsta g\u00e5ngen jag blev k\u00e4r, n\u00e4r Robert puttade omkull skolfr\u00f6ken, hur jag stal en cigarett av mamma, n\u00e4r jag halkade och gled iv\u00e4g utf\u00f6r en glaci\u00e4r och s\u00e5 vidare. Sanna ber\u00e4ttelser om h\u00e4ndelser fr\u00e5n mitt liv.<\/p>\n<p>Jag br\u00f6t ned det hela till sm\u00e5 h\u00e4ndelsebaserade ber\u00e4ttelser utan f\u00f6r mycket kringsnack, h\u00e4ndelser som vi kunde reflektera \u00f6ver. Jag ins\u00e5g snart att detta byggde relationer och familjekultur. Barnen sj\u00e4lva b\u00f6rjade ocks\u00e5 ber\u00e4tta allt mer med liknande man\u00e9r. Det handlade aldrig om l\u00e5nga eleganta &#8221;middagssamtal&#8221; utan om sm\u00e5 dramatiska h\u00e4ndelser som visade n\u00e5got viktigt.<\/p>\n<p>Ibland som sm\u00e5barnsf\u00f6r\u00e4lder kan man beh\u00f6va lite vuxentid och d\u00e5 vill man g\u00e4rna l\u00e4gga barnen i rimlig tid. Efter en tid m\u00e4rkte jag att de kunde dra i mig p\u00e5 fredagskv\u00e4llen och s\u00e4ga ska du inte l\u00e4gga oss nu och ber\u00e4tta lite &#8211; jag vill h\u00f6ra den d\u00e4r om glaci\u00e4ren igen.<\/p>\n<p>Eftersom jag talat sanning s\u00e5 beh\u00f6vde jag inte minnas mina fantasier utan helt enkelt \u00e5terg\u00e5 till den verkliga h\u00e4ndelse jag ber\u00e4ttat om. Visst kunde jag m\u00e5la med starka f\u00e4rger och bred pensel men det jag sa var h\u00e4mtat fr\u00e5n verkligheten. Alla sm\u00e5 stories la ett viktigt pussel.<\/p>\n<p>Jag brukar d\u00e4rf\u00f6r s\u00e4ga att det kan vara bra att tr\u00e4na p\u00e5 barnen och v\u00e4nnerna. Speciellt n\u00e4r jag i mitt arbete m\u00f6ter m\u00e4nniskor som tror att Corporate Storytelling \u00e4r n\u00e5n slags retorisk sk\u00e5despelarkonst som bara f\u00e5 beh\u00e4rskar. Det \u00e4r det inte. Vi kan alla ber\u00e4tta eftersom m\u00e4nniskan \u00e4r ett ber\u00e4ttande djur.<\/p>\n<p>S\u00e5 h\u00e4r kan man ocks\u00e5 umg\u00e5s i privata sociala sammanhang. Men n\u00e4r jag arbetar p\u00e5 uppdrag i arbetslivet s\u00e5 \u00e4r det n\u00e4stan h\u00f6gtidligt att k\u00e4nna att jag bidrar till att befolka varum\u00e4rket och bidrar till organisationsutveckling och effektiv Employer branding.<\/p>\n<p>Det \u00e4r d\u00e4rf\u00f6r jag ber\u00e4ttar mycket av <em>VAD<\/em> och <em>HUR<\/em> i min bok <strong>Storytelling befolkar varum\u00e4rket<\/strong>.<\/p>\n","protected":false},"excerpt":{"rendered":"<p>N\u00e4r jag blev helt inriktad p\u00e5 Storytelling i och om organisationer f\u00f6r snart 20 \u00e5r sedan s\u00e5 slog det mig snart att den absolut n\u00e4rmaste organisationen jag sj\u00e4lv tillh\u00f6r \u00e4r familjen, flocken. Organisation \u00e4r ju m\u00e4nniskor och m\u00e4nniskor bygger relationer och kultur genom att dela ber\u00e4ttelser. S\u00e5, parallellt med att undervisa p\u00e5 universitet och h\u00f6gskolor&#8230;<\/p>\n","protected":false},"author":2,"featured_media":0,"comment_status":"open","ping_status":"open","sticky":false,"template":"","format":"standard","meta":[],"categories":[11],"tags":[],"_links":{"self":[{"href":"https:\/\/storytellers.se\/index.php?rest_route=\/wp\/v2\/posts\/5691"}],"collection":[{"href":"https:\/\/storytellers.se\/index.php?rest_route=\/wp\/v2\/posts"}],"about":[{"href":"https:\/\/storytellers.se\/index.php?rest_route=\/wp\/v2\/types\/post"}],"author":[{"embeddable":true,"href":"https:\/\/storytellers.se\/index.php?rest_route=\/wp\/v2\/users\/2"}],"replies":[{"embeddable":true,"href":"https:\/\/storytellers.se\/index.php?rest_route=%2Fwp%2Fv2%2Fcomments&post=5691"}],"version-history":[{"count":0,"href":"https:\/\/storytellers.se\/index.php?rest_route=\/wp\/v2\/posts\/5691\/revisions"}],"wp:attachment":[{"href":"https:\/\/storytellers.se\/index.php?rest_route=%2Fwp%2Fv2%2Fmedia&parent=5691"}],"wp:term":[{"taxonomy":"category","embeddable":true,"href":"https:\/\/storytellers.se\/index.php?rest_route=%2Fwp%2Fv2%2Fcategories&post=5691"},{"taxonomy":"post_tag","embeddable":true,"href":"https:\/\/storytellers.se\/index.php?rest_route=%2Fwp%2Fv2%2Ftags&post=5691"}],"curies":[{"name":"wp","href":"https:\/\/api.w.org\/{rel}","templated":true}]}}