{"id":5687,"date":"2017-07-05T11:37:55","date_gmt":"2017-07-05T09:37:55","guid":{"rendered":"http:\/\/storytellers.se\/?p=5687"},"modified":"2017-07-05T11:37:55","modified_gmt":"2017-07-05T09:37:55","slug":"metaforen-kan-oversatta-tanke","status":"publish","type":"post","link":"https:\/\/storytellers.se\/?p=5687","title":{"rendered":"Metaforen kan \u00f6vers\u00e4tta tanke"},"content":{"rendered":"<p>I svenska spr\u00e5ket anv\u00e4nder vi m\u00e5nga bildliga uttryckss\u00e4tt, s\u00e5 kallade metaforer. Jag f\u00e5r ofta fr\u00e5gan om metaforer passar i Corporate Storytellingsammanhang. Jag svarar d\u00e5 att om det \u00e4r uppenbart vart vi tillsammans vill n\u00e5 s\u00e5 \u00e4r det bara att k\u00f6ra p\u00e5. Vill vi snabbt \u00f6vers\u00e4tta en tanke \u00e4r det ocks\u00e5 bra. Jag brukar tala om att verkligheten duger och kan metaforer st\u00f6dja det vi h\u00e5ller p\u00e5 med &#8211; s\u00e5 varf\u00f6r inte?<\/p>\n<p>S\u00e5 h\u00e4r sitter jag d\u00e5 metaforiskt bak vid motorn och rundar Kungsholmen och Essinge\u00f6arna i Stockholm. I en b\u00e5t som drivs med utombordsmotor. Det \u00e4r jag som k\u00f6r och delar av flocken som \u00e5ker med. Vi v\u00e4ljer dock rutt och m\u00e5l tillsammans. Och fart. Vi \u00e4r inte slavar under vinden utan styr \u00e4ven, om n\u00f6dv\u00e4ndigt, i motvind mot den verklighet vi r\u00e4knar med att finna och bygga runt udden.<\/p>\n<p><img decoding=\"async\" loading=\"lazy\" src=\"https:\/\/heijbel.files.wordpress.com\/2017\/07\/img_0837.jpg\" alt=\"IMG_0837.jpg\" width=\"1024\" height=\"768\" class=\"alignnone size-full wp-image-5688\" \/><\/p>\n<p>Trots min l\u00e5nga erfarenhet s\u00e5 vet jag f\u00f6rst\u00e5s att det \u00e4r de unga  fram i b\u00e5ten som har framtiden i sina h\u00e4nder. Det \u00e4r de som tar \u00f6ver. Jag hoppas \u00e4nd\u00e5 d\u00e5 att de lyssnar p\u00e5 erfarenheterna fr\u00e5n mannen d\u00e4r bak lika mycket som han lyssnar p\u00e5 dem i fram.<\/p>\n","protected":false},"excerpt":{"rendered":"<p>I svenska spr\u00e5ket anv\u00e4nder vi m\u00e5nga bildliga uttryckss\u00e4tt, s\u00e5 kallade metaforer. Jag f\u00e5r ofta fr\u00e5gan om metaforer passar i Corporate Storytellingsammanhang. Jag svarar d\u00e5 att om det \u00e4r uppenbart vart vi tillsammans vill n\u00e5 s\u00e5 \u00e4r det bara att k\u00f6ra p\u00e5. Vill vi snabbt \u00f6vers\u00e4tta en tanke \u00e4r det ocks\u00e5 bra. Jag brukar tala om&#8230;<\/p>\n","protected":false},"author":2,"featured_media":0,"comment_status":"open","ping_status":"open","sticky":false,"template":"","format":"standard","meta":[],"categories":[2],"tags":[],"_links":{"self":[{"href":"https:\/\/storytellers.se\/index.php?rest_route=\/wp\/v2\/posts\/5687"}],"collection":[{"href":"https:\/\/storytellers.se\/index.php?rest_route=\/wp\/v2\/posts"}],"about":[{"href":"https:\/\/storytellers.se\/index.php?rest_route=\/wp\/v2\/types\/post"}],"author":[{"embeddable":true,"href":"https:\/\/storytellers.se\/index.php?rest_route=\/wp\/v2\/users\/2"}],"replies":[{"embeddable":true,"href":"https:\/\/storytellers.se\/index.php?rest_route=%2Fwp%2Fv2%2Fcomments&post=5687"}],"version-history":[{"count":0,"href":"https:\/\/storytellers.se\/index.php?rest_route=\/wp\/v2\/posts\/5687\/revisions"}],"wp:attachment":[{"href":"https:\/\/storytellers.se\/index.php?rest_route=%2Fwp%2Fv2%2Fmedia&parent=5687"}],"wp:term":[{"taxonomy":"category","embeddable":true,"href":"https:\/\/storytellers.se\/index.php?rest_route=%2Fwp%2Fv2%2Fcategories&post=5687"},{"taxonomy":"post_tag","embeddable":true,"href":"https:\/\/storytellers.se\/index.php?rest_route=%2Fwp%2Fv2%2Ftags&post=5687"}],"curies":[{"name":"wp","href":"https:\/\/api.w.org\/{rel}","templated":true}]}}