{"id":5656,"date":"2017-06-15T16:24:29","date_gmt":"2017-06-15T14:24:29","guid":{"rendered":"http:\/\/storytellers.se\/?p=5656"},"modified":"2017-06-15T16:24:29","modified_gmt":"2017-06-15T14:24:29","slug":"se-webbtevesandningen-har","status":"publish","type":"post","link":"https:\/\/storytellers.se\/?p=5656","title":{"rendered":"Se webbteves\u00e4ndningen h\u00e4r"},"content":{"rendered":"<p>Idag medverkade jag i Sveriges Kommunikat\u00f6rers direkts\u00e4nda webbteve och temat var Storytelling. Jakob Fleberg var moderator och jag och Ulrika Nyb\u00e4ck var inropade som experter.<img decoding=\"async\" loading=\"lazy\" src=\"https:\/\/heijbel.files.wordpress.com\/2017\/06\/beskar-webbteve1.jpg\" alt=\"beskar.webbteve.jpg\" width=\"1106\" height=\"764\" class=\"alignnone size-full wp-image-5666\" \/><\/p>\n<p>Den har setts av 3.200 m\u00e4nniskor p\u00e5 en m\u00e5nad. Klicka p\u00e5 l\u00e4nken, Scrolla fram till den 15 juni 11.30 och se den: https:\/\/www.facebook.com\/sverigeskommunikatorer<\/p>\n","protected":false},"excerpt":{"rendered":"<p>Idag medverkade jag i Sveriges Kommunikat\u00f6rers direkts\u00e4nda webbteve och temat var Storytelling. Jakob Fleberg var moderator och jag och Ulrika Nyb\u00e4ck var inropade som experter. Den har setts av 3.200 m\u00e4nniskor p\u00e5 en m\u00e5nad. Klicka p\u00e5 l\u00e4nken, Scrolla fram till den 15 juni 11.30 och se den: https:\/\/www.facebook.com\/sverigeskommunikatorer<\/p>\n","protected":false},"author":2,"featured_media":0,"comment_status":"open","ping_status":"open","sticky":false,"template":"","format":"standard","meta":[],"categories":[9],"tags":[],"_links":{"self":[{"href":"https:\/\/storytellers.se\/index.php?rest_route=\/wp\/v2\/posts\/5656"}],"collection":[{"href":"https:\/\/storytellers.se\/index.php?rest_route=\/wp\/v2\/posts"}],"about":[{"href":"https:\/\/storytellers.se\/index.php?rest_route=\/wp\/v2\/types\/post"}],"author":[{"embeddable":true,"href":"https:\/\/storytellers.se\/index.php?rest_route=\/wp\/v2\/users\/2"}],"replies":[{"embeddable":true,"href":"https:\/\/storytellers.se\/index.php?rest_route=%2Fwp%2Fv2%2Fcomments&post=5656"}],"version-history":[{"count":0,"href":"https:\/\/storytellers.se\/index.php?rest_route=\/wp\/v2\/posts\/5656\/revisions"}],"wp:attachment":[{"href":"https:\/\/storytellers.se\/index.php?rest_route=%2Fwp%2Fv2%2Fmedia&parent=5656"}],"wp:term":[{"taxonomy":"category","embeddable":true,"href":"https:\/\/storytellers.se\/index.php?rest_route=%2Fwp%2Fv2%2Fcategories&post=5656"},{"taxonomy":"post_tag","embeddable":true,"href":"https:\/\/storytellers.se\/index.php?rest_route=%2Fwp%2Fv2%2Ftags&post=5656"}],"curies":[{"name":"wp","href":"https:\/\/api.w.org\/{rel}","templated":true}]}}