{"id":5604,"date":"2017-06-06T12:58:04","date_gmt":"2017-06-06T10:58:04","guid":{"rendered":"http:\/\/storytellers.se\/?p=5604"},"modified":"2017-06-06T12:58:04","modified_gmt":"2017-06-06T10:58:04","slug":"utan-berattelser-finns-vi-inte-2","status":"publish","type":"post","link":"https:\/\/storytellers.se\/?p=5604","title":{"rendered":"Utan ber\u00e4ttelser finns vi inte"},"content":{"rendered":"<p><a href=\"https:\/\/sverigeskommunikatorer.se\/nyheter\/matts-heijbel-utan-berattelser-finns-man-inte.1\/\">H\u00e4r intervjuas jag<\/a> p\u00e5 Sveriges Kommunikat\u00f6rers facebooksida inf\u00f6r en lives\u00e4ndning hos hos just Sveriges Kommunikat\u00f6rer i n\u00e4sta vecka. Det \u00e4r den 15 juni som\u00a0jag och <strong>Ulrika Nyb\u00e4ck<\/strong> ska grillas och diskutera \u00e4mnet <em>Corporate Storytelling<\/em> som jag hittills \u00e4gnat hela 2000-talet \u00e5t. Jag &#8221;<em>blev fr\u00e4lst<\/em>&#8221; f\u00f6r denna kraftfulla kommunikationsform 1999. M\u00e4rk v\u00e4l att det inte handlar\u00a0s\u00e5 mycket om: &#8221;<em>Det var en g\u00e5ng<\/em>&#8221; som &#8221;<em>Det h\u00e4nder just nu<\/em>&#8221; och &#8221;<em>Detta kommer att ske&#8230;<\/em>&#8221;<\/p>\n","protected":false},"excerpt":{"rendered":"<p>H\u00e4r intervjuas jag p\u00e5 Sveriges Kommunikat\u00f6rers facebooksida inf\u00f6r en lives\u00e4ndning hos hos just Sveriges Kommunikat\u00f6rer i n\u00e4sta vecka. Det \u00e4r den 15 juni som\u00a0jag och Ulrika Nyb\u00e4ck ska grillas och diskutera \u00e4mnet Corporate Storytelling som jag hittills \u00e4gnat hela 2000-talet \u00e5t. Jag &#8221;blev fr\u00e4lst&#8221; f\u00f6r denna kraftfulla kommunikationsform 1999. M\u00e4rk v\u00e4l att det inte handlar\u00a0s\u00e5&#8230;<\/p>\n","protected":false},"author":2,"featured_media":0,"comment_status":"open","ping_status":"open","sticky":false,"template":"","format":"standard","meta":[],"categories":[9],"tags":[],"_links":{"self":[{"href":"https:\/\/storytellers.se\/index.php?rest_route=\/wp\/v2\/posts\/5604"}],"collection":[{"href":"https:\/\/storytellers.se\/index.php?rest_route=\/wp\/v2\/posts"}],"about":[{"href":"https:\/\/storytellers.se\/index.php?rest_route=\/wp\/v2\/types\/post"}],"author":[{"embeddable":true,"href":"https:\/\/storytellers.se\/index.php?rest_route=\/wp\/v2\/users\/2"}],"replies":[{"embeddable":true,"href":"https:\/\/storytellers.se\/index.php?rest_route=%2Fwp%2Fv2%2Fcomments&post=5604"}],"version-history":[{"count":0,"href":"https:\/\/storytellers.se\/index.php?rest_route=\/wp\/v2\/posts\/5604\/revisions"}],"wp:attachment":[{"href":"https:\/\/storytellers.se\/index.php?rest_route=%2Fwp%2Fv2%2Fmedia&parent=5604"}],"wp:term":[{"taxonomy":"category","embeddable":true,"href":"https:\/\/storytellers.se\/index.php?rest_route=%2Fwp%2Fv2%2Fcategories&post=5604"},{"taxonomy":"post_tag","embeddable":true,"href":"https:\/\/storytellers.se\/index.php?rest_route=%2Fwp%2Fv2%2Ftags&post=5604"}],"curies":[{"name":"wp","href":"https:\/\/api.w.org\/{rel}","templated":true}]}}