{"id":5361,"date":"2017-02-04T12:23:20","date_gmt":"2017-02-04T11:23:20","guid":{"rendered":"http:\/\/storytellers.se\/?p=5361"},"modified":"2017-02-04T12:23:20","modified_gmt":"2017-02-04T11:23:20","slug":"samma-javla-lagereldar","status":"publish","type":"post","link":"https:\/\/storytellers.se\/?p=5361","title":{"rendered":"Samma j\u00e4vla l\u00e4gereldar"},"content":{"rendered":"<p>Alla m\u00e4nniskor i alla tider har byggt sina flockkulturer kring l\u00e4gerelden. L\u00e4gerelden \u00e4r bokstavligen en f\u00f6ruts\u00e4ttning f\u00f6r m\u00e4nskligt liv och kulturbyggande.<\/p>\n<p>D\u00e4r har m\u00e4nniskor l\u00e4rt av varandra. De har haft skydd och trygghet. Tillh\u00f6righet och f\u00f6rst\u00e5else f\u00f6r varifr\u00e5n vi kommit, var vi befinner oss och vart vi \u00e4r p\u00e5 v\u00e4g. Detta \u00e4r n\u00e5got av en naturlag.<\/p>\n<p>Numera h\u00f6r man ibland sk\u00e4mten att dagens l\u00e4gereldar i arbetslivet finns exempelvis vid kaffeapparaten, i fikarummet och i samband med After work. De flesta av oss tillbringar en stor del av dygnet &#8221;p\u00e5 jobbet&#8221;.<\/p>\n<p>Det st\u00e4mmer f\u00f6rst\u00e5s p\u00e5 s\u00e4tt och vis att l\u00e4gereldarna \u00e4ndrar plats och form. P\u00e5 senare \u00e5r har dessutom detta m\u00e4nskliga behov flyttats ut i det vi buntar ihop som sociala medier. Facebook \u00e4r till exempel v\u00e4rldens tredje st\u00f6rsta nation &#8211; om man vill se det s\u00e5. En m\u00f6tesplats d\u00e4r 1,6 miljarder\u00a0m\u00e4nniskor frivilligt g\u00e5tt med f\u00f6r att lyssna, tala, ber\u00e4tta, h\u00e4vda och s\u00e5 vidare.<\/p>\n<p>Vad fyller\u00a0d\u00e5 Facebook, Instagram (0,5 miljarder ), Linkedin ( 0,4 miljarder ) etcetera f\u00f6r behov? Jo samma som alla l\u00e4gereldar i alla tider. Behovet att vara och finnas. Synas och finna mening. S\u00f6ka kunskap och tillh\u00f6righet.<\/p>\n<p>Samma j\u00e4vla l\u00e4gereldar allts\u00e5.<\/p>\n","protected":false},"excerpt":{"rendered":"<p>Alla m\u00e4nniskor i alla tider har byggt sina flockkulturer kring l\u00e4gerelden. L\u00e4gerelden \u00e4r bokstavligen en f\u00f6ruts\u00e4ttning f\u00f6r m\u00e4nskligt liv och kulturbyggande. D\u00e4r har m\u00e4nniskor l\u00e4rt av varandra. De har haft skydd och trygghet. Tillh\u00f6righet och f\u00f6rst\u00e5else f\u00f6r varifr\u00e5n vi kommit, var vi befinner oss och vart vi \u00e4r p\u00e5 v\u00e4g. Detta \u00e4r n\u00e5got av en&#8230;<\/p>\n","protected":false},"author":2,"featured_media":0,"comment_status":"open","ping_status":"open","sticky":false,"template":"","format":"standard","meta":[],"categories":[9],"tags":[],"_links":{"self":[{"href":"https:\/\/storytellers.se\/index.php?rest_route=\/wp\/v2\/posts\/5361"}],"collection":[{"href":"https:\/\/storytellers.se\/index.php?rest_route=\/wp\/v2\/posts"}],"about":[{"href":"https:\/\/storytellers.se\/index.php?rest_route=\/wp\/v2\/types\/post"}],"author":[{"embeddable":true,"href":"https:\/\/storytellers.se\/index.php?rest_route=\/wp\/v2\/users\/2"}],"replies":[{"embeddable":true,"href":"https:\/\/storytellers.se\/index.php?rest_route=%2Fwp%2Fv2%2Fcomments&post=5361"}],"version-history":[{"count":0,"href":"https:\/\/storytellers.se\/index.php?rest_route=\/wp\/v2\/posts\/5361\/revisions"}],"wp:attachment":[{"href":"https:\/\/storytellers.se\/index.php?rest_route=%2Fwp%2Fv2%2Fmedia&parent=5361"}],"wp:term":[{"taxonomy":"category","embeddable":true,"href":"https:\/\/storytellers.se\/index.php?rest_route=%2Fwp%2Fv2%2Fcategories&post=5361"},{"taxonomy":"post_tag","embeddable":true,"href":"https:\/\/storytellers.se\/index.php?rest_route=%2Fwp%2Fv2%2Ftags&post=5361"}],"curies":[{"name":"wp","href":"https:\/\/api.w.org\/{rel}","templated":true}]}}