{"id":5308,"date":"2017-02-03T12:42:40","date_gmt":"2017-02-03T11:42:40","guid":{"rendered":"http:\/\/storytellers.se\/?p=5308"},"modified":"2017-02-03T12:42:40","modified_gmt":"2017-02-03T11:42:40","slug":"berattande-ledare","status":"publish","type":"post","link":"https:\/\/storytellers.se\/?p=5308","title":{"rendered":"Ber\u00e4ttande ledare"},"content":{"rendered":"<p>Jag har tr\u00e4ffat hundratals chefer under alla mina \u00e5r inom <em>Corporate Storytelling<\/em>. I m\u00e5nga fall VD:ar och GD:ar som inte har varit bekv\u00e4ma\u00a0med rollen att tala med och inf\u00f6r medarbetarna i den egna flocken.<\/p>\n<p>De upprepar g\u00e4rna samma power points och samma aff\u00e4rsprosa som inf\u00f6r ledningsgrupp, \u00e4gare och styrelse. Varf\u00f6r ber\u00e4ttar hen inte ocks\u00e5 om m\u00e4nskliga m\u00f6ten, bem\u00f6tanden och speciella h\u00e4ndelser som speglar meningen med verksamheten? Varf\u00f6r f\u00e5r vi inte h\u00f6ra varf\u00f6r hen \u00f6verhuvudtaget \u00e4r h\u00e4r\u00a0i den h\u00e4r positionen och vad \u00e4r det som gjort att det k\u00e4nns bra?<\/p>\n<p>D\u00e5 t\u00e4nker jag att vi beh\u00f6ver fler <em>Verkst\u00e4llande Ber\u00e4ttare<\/em>, <strong>VB:ar<\/strong>. Inte bara <strong>VD:ar<\/strong>, <em>Verkst\u00e4llande Direkt\u00f6rer<\/em>. Vi beh\u00f6ver m\u00e4nniskor som besitter en social och emotionell kompetens n\u00e4r vi g\u00f6r oss redo att g\u00e5 ut\u00a0i marknadsdjungeln.<\/p>\n<p>D\u00e5 h\u00e4nder det att jag\u00a0coachar dem genom att tillsammans med dem\u00a0leta fram\u00a0adekvata h\u00e4ndelser som speglar \u00f6nskv\u00e4rd kultur och b\u00e4rande v\u00e4rderingar. H\u00e4ndelser som de sj\u00e4lva upplevt. Ofta har de kanske inte ens tidigare reflekterat \u00f6ver att de har varit med om dessa h\u00e4ndelser. Inte heller att stories om vad som h\u00e4nde kan ha ett v\u00e4rde i ledarskapet och varum\u00e4rkesbyggandet.<\/p>\n<p>F\u00f6rv\u00e5nade lyssnar sen medarbetarna och ser inte s\u00e4llan ledaren med delvis nya \u00f6gon. Jag gl\u00f6mmer inte mejeri-VD:n som pl\u00f6tsligt ih\u00e5g n\u00e4r han h\u00e4mtade mj\u00f6lk \u00e5t mamma och glad sprang hem\u00e5t n\u00e4r han snubblade och fick se all mj\u00f6lk rinna ut \u00f6ver trottoaren.<\/p>\n<p>Det gl\u00f6mmer medarbetarna aldrig och utifr\u00e5n den spillda mj\u00f6lken la han upp en sp\u00e4nnande st\u00e4rkande inledning p\u00e5 tr\u00e4ffen.<\/p>\n<p>Fram f\u00f6r fler ber\u00e4ttande ledare eller VB:ar allts\u00e5. Ledare som inte sm\u00e5skrattande avf\u00e4rdar business narratives med orden: <em>Vi kan v\u00e4l inte h\u00e5lla p\u00e5 och ber\u00e4tta historier, vi har ju faktiskt en k\u00e4rnverksamhet att sk\u00f6ta<\/em>.<\/p>\n<p>L\u00e4nge leve den lyssnande och ber\u00e4ttande ledaren!<\/p>\n","protected":false},"excerpt":{"rendered":"<p>Jag har tr\u00e4ffat hundratals chefer under alla mina \u00e5r inom Corporate Storytelling. I m\u00e5nga fall VD:ar och GD:ar som inte har varit bekv\u00e4ma\u00a0med rollen att tala med och inf\u00f6r medarbetarna i den egna flocken. De upprepar g\u00e4rna samma power points och samma aff\u00e4rsprosa som inf\u00f6r ledningsgrupp, \u00e4gare och styrelse. Varf\u00f6r ber\u00e4ttar hen inte ocks\u00e5 om&#8230;<\/p>\n","protected":false},"author":2,"featured_media":0,"comment_status":"open","ping_status":"open","sticky":false,"template":"","format":"standard","meta":[],"categories":[11],"tags":[],"_links":{"self":[{"href":"https:\/\/storytellers.se\/index.php?rest_route=\/wp\/v2\/posts\/5308"}],"collection":[{"href":"https:\/\/storytellers.se\/index.php?rest_route=\/wp\/v2\/posts"}],"about":[{"href":"https:\/\/storytellers.se\/index.php?rest_route=\/wp\/v2\/types\/post"}],"author":[{"embeddable":true,"href":"https:\/\/storytellers.se\/index.php?rest_route=\/wp\/v2\/users\/2"}],"replies":[{"embeddable":true,"href":"https:\/\/storytellers.se\/index.php?rest_route=%2Fwp%2Fv2%2Fcomments&post=5308"}],"version-history":[{"count":0,"href":"https:\/\/storytellers.se\/index.php?rest_route=\/wp\/v2\/posts\/5308\/revisions"}],"wp:attachment":[{"href":"https:\/\/storytellers.se\/index.php?rest_route=%2Fwp%2Fv2%2Fmedia&parent=5308"}],"wp:term":[{"taxonomy":"category","embeddable":true,"href":"https:\/\/storytellers.se\/index.php?rest_route=%2Fwp%2Fv2%2Fcategories&post=5308"},{"taxonomy":"post_tag","embeddable":true,"href":"https:\/\/storytellers.se\/index.php?rest_route=%2Fwp%2Fv2%2Ftags&post=5308"}],"curies":[{"name":"wp","href":"https:\/\/api.w.org\/{rel}","templated":true}]}}