{"id":5200,"date":"2017-01-31T13:30:27","date_gmt":"2017-01-31T12:30:27","guid":{"rendered":"http:\/\/storytellers.se\/?p=5200"},"modified":"2017-01-31T13:30:27","modified_gmt":"2017-01-31T12:30:27","slug":"visionsberattelser-bygger-framtid","status":"publish","type":"post","link":"https:\/\/storytellers.se\/?p=5200","title":{"rendered":"Visionsber\u00e4ttelser bygger framtid"},"content":{"rendered":"<p>Det \u00e4r l\u00e4tt att r\u00f6ra ihop <strong>Corporate storytelling<\/strong> med begreppet historieskrivning. D\u00e4rf\u00f6r brukar jag undvika att tala om organisationens <em>historier<\/em>. P\u00e5 svenska spr\u00e5ket f\u00f6r ordet historier l\u00e4tt tanken dels till det f\u00f6rflutna dels till att det ska vara lite roligt, typ <em>Bellman, tysken och fransken&#8230;<\/em><\/p>\n<p>Ber\u00e4ttelser \u00e4r d\u00e4rf\u00f6r ett b\u00e4ttre ord p\u00e5 svenska spr\u00e5ket i de h\u00e4r sammanhangen vilket inte utesluter att man kan talar om det f\u00f6rflutna eller att man kan ha en komisk po\u00e4ng.<\/p>\n<p>Framtiden d\u00e5? Kan man ber\u00e4tta om det som \u00e4nnu inte har h\u00e4nt?<\/p>\n<p>Javisst det kan man. Framtiden finns ju p\u00e5 s\u00e4tt och vis redan h\u00e4r. Kanske bara som en fl\u00e4mtande l\u00e5ga.<\/p>\n<p>Genom att ber\u00e4tta om beteenden som sker idag och som organisationen vill se mer av kan man bli attraktiv och attrahera \u00e4gare, kunder medarbetare och inte minst de som \u00e4nnu inte \u00e4r med i flocken. Visionsber\u00e4ttelser \u00e4r f\u00f6ljaktligen\u00a0ett bra verktyg vid employer branding.<\/p>\n<p>I visionsber\u00e4ttelserna gestaltas morgondagen f\u00f6r att hj\u00e4lpa oss att hantera den och g\u00f6ra den synlig \u00e4ven om\u00a0vi kanske b\u00e4r p\u00e5 en l\u00e5ng tradition och ett tungt arv att f\u00f6rvalta.<\/p>\n<p>Visionsber\u00e4ttelserna bygger allts\u00e5 framtid vilket jag har metoder f\u00f6r i mina workshops och \u00e4ven beskriver i min bok <strong><em>Storytelling befolkar varum\u00e4rket<\/em><\/strong>.<\/p>\n<p>&nbsp;<\/p>\n","protected":false},"excerpt":{"rendered":"<p>Det \u00e4r l\u00e4tt att r\u00f6ra ihop Corporate storytelling med begreppet historieskrivning. D\u00e4rf\u00f6r brukar jag undvika att tala om organisationens historier. P\u00e5 svenska spr\u00e5ket f\u00f6r ordet historier l\u00e4tt tanken dels till det f\u00f6rflutna dels till att det ska vara lite roligt, typ Bellman, tysken och fransken&#8230; Ber\u00e4ttelser \u00e4r d\u00e4rf\u00f6r ett b\u00e4ttre ord p\u00e5 svenska spr\u00e5ket i&#8230;<\/p>\n","protected":false},"author":2,"featured_media":0,"comment_status":"open","ping_status":"open","sticky":false,"template":"","format":"standard","meta":[],"categories":[11],"tags":[],"_links":{"self":[{"href":"https:\/\/storytellers.se\/index.php?rest_route=\/wp\/v2\/posts\/5200"}],"collection":[{"href":"https:\/\/storytellers.se\/index.php?rest_route=\/wp\/v2\/posts"}],"about":[{"href":"https:\/\/storytellers.se\/index.php?rest_route=\/wp\/v2\/types\/post"}],"author":[{"embeddable":true,"href":"https:\/\/storytellers.se\/index.php?rest_route=\/wp\/v2\/users\/2"}],"replies":[{"embeddable":true,"href":"https:\/\/storytellers.se\/index.php?rest_route=%2Fwp%2Fv2%2Fcomments&post=5200"}],"version-history":[{"count":0,"href":"https:\/\/storytellers.se\/index.php?rest_route=\/wp\/v2\/posts\/5200\/revisions"}],"wp:attachment":[{"href":"https:\/\/storytellers.se\/index.php?rest_route=%2Fwp%2Fv2%2Fmedia&parent=5200"}],"wp:term":[{"taxonomy":"category","embeddable":true,"href":"https:\/\/storytellers.se\/index.php?rest_route=%2Fwp%2Fv2%2Fcategories&post=5200"},{"taxonomy":"post_tag","embeddable":true,"href":"https:\/\/storytellers.se\/index.php?rest_route=%2Fwp%2Fv2%2Ftags&post=5200"}],"curies":[{"name":"wp","href":"https:\/\/api.w.org\/{rel}","templated":true}]}}