{"id":5171,"date":"2017-01-11T12:17:23","date_gmt":"2017-01-11T11:17:23","guid":{"rendered":"http:\/\/storytellers.se\/?p=5171"},"modified":"2017-01-11T12:17:23","modified_gmt":"2017-01-11T11:17:23","slug":"storytellers-maste-lyssna","status":"publish","type":"post","link":"https:\/\/storytellers.se\/?p=5171","title":{"rendered":"Storytellers m\u00e5ste lyssna"},"content":{"rendered":"<p>&#8221;<em><strong>Om jag \u00e4r en storyteller beror det p\u00e5 att jag lyssnar<\/strong><\/em>&#8221; l\u00e4r <strong>John Berger<\/strong>, den engelske f\u00f6rfattaren som nyligen dog i sitt hem i en fransk by, ha sagt.<\/p>\n<p>Det t\u00e5l att upprepas. <em>It takes a listener to be a teller<\/em>. Detta \u00e4r en universell sanning men just i samband med f\u00f6retag och organisationer blir detta extra tydligt. Sj\u00e4lv tycker jag att jag fungerar som en slags barnmorska n\u00e4r jag s\u00f6ker och finner detta kulturkapital.<\/p>\n<p>Jag ger r\u00e5d hur man g\u00f6r sig redo och hj\u00e4lper till n\u00e4r ber\u00e4ttelserna kommer.<\/p>\n<p>N\u00e4r jag h\u00e5ller mina f\u00f6redrag och workshops f\u00f6r att hj\u00e4lpa organisationer att sk\u00f6rda \u00e4r lyssnandet d\u00e4rf\u00f6r A &amp; O. Jag skapar\u00a0inte organisationens ber\u00e4ttelser. De inblandade \u00e4ger sj\u00e4lva sina business narratives med vars hj\u00e4lp de kan rekrytera, s\u00e4lja, byta erfarenheter, utveckla organisationen och ledarskapet med mera.<\/p>\n<p>Med <strong>Heijbelmodellen<\/strong> kan jag p\u00e5 en f\u00f6rmiddag f\u00e5 fram en f\u00f6rsta sk\u00f6rd. Ska de filmas kan jag coacha triben s\u00e5 att deltagarna tillsammans kan se ber\u00e4ttelserna redan p\u00e5 eftermiddagen \/ kv\u00e4llen och m\u00f6ta kanske m\u00f6ta dem p\u00e5 intran\u00e4tet dagen efter.<\/p>\n<p>Det \u00e4r magiskt men beror p\u00e5\u00a0att ber\u00e4ttelserna redan finns eftersom verksamhet och kultur uttrycks i ber\u00e4ttelserna som redan befolkar varum\u00e4rket. <em>Corporate Storytelling<\/em> l\u00e4gger i sj\u00e4lva verket grunden f\u00f6r dialoger som f\u00f6r verksamheten fram\u00e5t.<\/p>\n","protected":false},"excerpt":{"rendered":"<p>&#8221;Om jag \u00e4r en storyteller beror det p\u00e5 att jag lyssnar&#8221; l\u00e4r John Berger, den engelske f\u00f6rfattaren som nyligen dog i sitt hem i en fransk by, ha sagt. Det t\u00e5l att upprepas. It takes a listener to be a teller. Detta \u00e4r en universell sanning men just i samband med f\u00f6retag och organisationer blir&#8230;<\/p>\n","protected":false},"author":2,"featured_media":0,"comment_status":"open","ping_status":"open","sticky":false,"template":"","format":"standard","meta":[],"categories":[2,7],"tags":[],"_links":{"self":[{"href":"https:\/\/storytellers.se\/index.php?rest_route=\/wp\/v2\/posts\/5171"}],"collection":[{"href":"https:\/\/storytellers.se\/index.php?rest_route=\/wp\/v2\/posts"}],"about":[{"href":"https:\/\/storytellers.se\/index.php?rest_route=\/wp\/v2\/types\/post"}],"author":[{"embeddable":true,"href":"https:\/\/storytellers.se\/index.php?rest_route=\/wp\/v2\/users\/2"}],"replies":[{"embeddable":true,"href":"https:\/\/storytellers.se\/index.php?rest_route=%2Fwp%2Fv2%2Fcomments&post=5171"}],"version-history":[{"count":0,"href":"https:\/\/storytellers.se\/index.php?rest_route=\/wp\/v2\/posts\/5171\/revisions"}],"wp:attachment":[{"href":"https:\/\/storytellers.se\/index.php?rest_route=%2Fwp%2Fv2%2Fmedia&parent=5171"}],"wp:term":[{"taxonomy":"category","embeddable":true,"href":"https:\/\/storytellers.se\/index.php?rest_route=%2Fwp%2Fv2%2Fcategories&post=5171"},{"taxonomy":"post_tag","embeddable":true,"href":"https:\/\/storytellers.se\/index.php?rest_route=%2Fwp%2Fv2%2Ftags&post=5171"}],"curies":[{"name":"wp","href":"https:\/\/api.w.org\/{rel}","templated":true}]}}