{"id":5116,"date":"2016-11-19T20:28:05","date_gmt":"2016-11-19T19:28:05","guid":{"rendered":"http:\/\/storytellers.se\/?p=5116"},"modified":"2016-11-19T20:28:05","modified_gmt":"2016-11-19T19:28:05","slug":"specialpris-pa-employer-branding","status":"publish","type":"post","link":"https:\/\/storytellers.se\/?p=5116","title":{"rendered":"Specialpris p\u00e5 employer branding"},"content":{"rendered":"<p>P\u00e5 onsdag \u00e4r jag en av tre f\u00f6rel\u00e4sare p\u00e5 HR-bloggens heldagsseminarium vid Hornstull i Stockholm. Jag har just f\u00e5tt besked att det finns n\u00e5gra platser kvar och att <strong>Annika Ahnlund<\/strong> kan erbjuda mina l\u00e4sare ett specialpris om du tar kontakt.<\/p>\n<p>Vill du komma s\u00e5 kontakta snarast annika@hrbloggen och s\u00e4g att du \u00e4r l\u00e4sare av <strong>Matts Heijbels<\/strong> texter.<\/p>\n<p>De andra f\u00f6rel\u00e4sarna \u00e4r <strong>Linus Holmgren<\/strong> fr\u00e5n Talent Talk och <strong>Pernilla Bast\u00e5s<\/strong> fr\u00e5n Fortifikationsverket.<\/p>\n<p>H\u00e4r \u00e4r en text jag skrivit p\u00e5 temat \u00e5t hr-bloggen:<\/p>\n<p>http:\/\/hrbloggen.se\/2016\/10\/storytelling-speglar-kulturen.html<\/p>\n<p>&nbsp;<\/p>\n","protected":false},"excerpt":{"rendered":"<p>P\u00e5 onsdag \u00e4r jag en av tre f\u00f6rel\u00e4sare p\u00e5 HR-bloggens heldagsseminarium vid Hornstull i Stockholm. Jag har just f\u00e5tt besked att det finns n\u00e5gra platser kvar och att Annika Ahnlund kan erbjuda mina l\u00e4sare ett specialpris om du tar kontakt. Vill du komma s\u00e5 kontakta snarast annika@hrbloggen och s\u00e4g att du \u00e4r l\u00e4sare av Matts&#8230;<\/p>\n","protected":false},"author":2,"featured_media":0,"comment_status":"open","ping_status":"open","sticky":false,"template":"","format":"standard","meta":[],"categories":[9],"tags":[],"_links":{"self":[{"href":"https:\/\/storytellers.se\/index.php?rest_route=\/wp\/v2\/posts\/5116"}],"collection":[{"href":"https:\/\/storytellers.se\/index.php?rest_route=\/wp\/v2\/posts"}],"about":[{"href":"https:\/\/storytellers.se\/index.php?rest_route=\/wp\/v2\/types\/post"}],"author":[{"embeddable":true,"href":"https:\/\/storytellers.se\/index.php?rest_route=\/wp\/v2\/users\/2"}],"replies":[{"embeddable":true,"href":"https:\/\/storytellers.se\/index.php?rest_route=%2Fwp%2Fv2%2Fcomments&post=5116"}],"version-history":[{"count":0,"href":"https:\/\/storytellers.se\/index.php?rest_route=\/wp\/v2\/posts\/5116\/revisions"}],"wp:attachment":[{"href":"https:\/\/storytellers.se\/index.php?rest_route=%2Fwp%2Fv2%2Fmedia&parent=5116"}],"wp:term":[{"taxonomy":"category","embeddable":true,"href":"https:\/\/storytellers.se\/index.php?rest_route=%2Fwp%2Fv2%2Fcategories&post=5116"},{"taxonomy":"post_tag","embeddable":true,"href":"https:\/\/storytellers.se\/index.php?rest_route=%2Fwp%2Fv2%2Ftags&post=5116"}],"curies":[{"name":"wp","href":"https:\/\/api.w.org\/{rel}","templated":true}]}}