{"id":5033,"date":"2016-11-03T17:22:09","date_gmt":"2016-11-03T16:22:09","guid":{"rendered":"http:\/\/storytellers.se\/?p=5033"},"modified":"2016-11-03T17:22:09","modified_gmt":"2016-11-03T16:22:09","slug":"latta-pa-trycket-och-ga-vidare","status":"publish","type":"post","link":"https:\/\/storytellers.se\/?p=5033","title":{"rendered":"L\u00e4tta p\u00e5 trycket och g\u00e5 vidare"},"content":{"rendered":"<p>P\u00e5 \u00e5nglokens och \u00e5ngfartygens tid l\u00e4rde man sig att hantera maskinerna genom att kunna &#8221;l\u00e4tta p\u00e5 trycket&#8221; f\u00f6r att undvika haveri eller rent av explosion i pannan. \u00c4n idag kan vi h\u00f6ra \u00e5ngfartygen i exempelvis Stockholm r\u00e5ma och ropa n\u00e4r de l\u00e4ttar p\u00e5 trycket.<\/p>\n<p>N\u00e4r det handlar om relationer i olika f\u00f6retagskulturella sammanhang anv\u00e4nds uttrycket ibland f\u00f6r att tala om olika sp\u00e4nningar som beh\u00f6ver f\u00e5 komma fram och ut f\u00f6r att de gemensamma m\u00e5len och visionerna ska kunna n\u00e5s och fullf\u00f6ljas.<\/p>\n<p>Man m\u00e5ste d\u00e5 f\u00f6rst\u00e5s n\u00e5gon g\u00e5ng f\u00e5 ber\u00e4tta om \u201dalla j-a idioter som man st\u00f6ter p\u00e5\u201d. Man m\u00e5ste f\u00e5 l\u00e4tta p\u00e5 trycket f\u00f6r att kunna arbeta vidare.<\/p>\n<p>Jag har tagit upp denna &#8221;l\u00e4tta-p\u00e5-trycket-problematik&#8221; i m\u00e4ngder av seminarier och workshops genom \u00e5ren. Jag f\u00e5r alltid fr\u00e5gan om negativ \/ positiv, frustration \/ vision etc n\u00e4r vi plockar fram storytellingverktyget f\u00f6r att sk\u00f6rda kreativt i kulturkapitalet (<em>kultur b\u00e4rs ju av ber\u00e4ttelser och alla organisationer har kultur<\/em>).<\/p>\n<p>Vi m\u00e5ste ta vara p\u00e5\u00a0ber\u00e4ttelserna som inte bara \u00e4r <em>happy happy och halleluja<\/em>, svarar jag. Vi l\u00e4ttar p\u00e5 trycket, vi ser vad som h\u00e4nder och s\u00e5 bygger ni en b\u00e4ttre beredskap och tydligare vision.<\/p>\n<p>Man kan mycket v\u00e4l arrangera seminarier och workshops som har just detta fokus.<\/p>\n<p>Det kan minska stress och sp\u00e4nningar i gruppen. Ber\u00e4ttelserna kan ocks\u00e5 st\u00e4rka den interna kamratskapen och ge st\u00f6d till medarbetarna n\u00e4r det g\u00e4ller att hantera stressande m\u00f6ten och relationer med besv\u00e4rliga kunder , brukare och klienter.<\/p>\n<p>Ofta f\u00e5r dessa ber\u00e4ttelser en intern ton av svart humor men de beh\u00f6vs faktiskt i organisationsutvecklingen.<\/p>\n<p>Man\u00a0m\u00e5ste allts\u00e5 ha m\u00f6jlighet att l\u00e4tta p\u00e5 trycket, p\u00e5 jobbet ocks\u00e5.<\/p>\n<p>Sen kan man g\u00e5 vidare.<\/p>\n","protected":false},"excerpt":{"rendered":"<p>P\u00e5 \u00e5nglokens och \u00e5ngfartygens tid l\u00e4rde man sig att hantera maskinerna genom att kunna &#8221;l\u00e4tta p\u00e5 trycket&#8221; f\u00f6r att undvika haveri eller rent av explosion i pannan. \u00c4n idag kan vi h\u00f6ra \u00e5ngfartygen i exempelvis Stockholm r\u00e5ma och ropa n\u00e4r de l\u00e4ttar p\u00e5 trycket. N\u00e4r det handlar om relationer i olika f\u00f6retagskulturella sammanhang anv\u00e4nds uttrycket&#8230;<\/p>\n","protected":false},"author":2,"featured_media":0,"comment_status":"open","ping_status":"open","sticky":false,"template":"","format":"standard","meta":[],"categories":[2],"tags":[],"_links":{"self":[{"href":"https:\/\/storytellers.se\/index.php?rest_route=\/wp\/v2\/posts\/5033"}],"collection":[{"href":"https:\/\/storytellers.se\/index.php?rest_route=\/wp\/v2\/posts"}],"about":[{"href":"https:\/\/storytellers.se\/index.php?rest_route=\/wp\/v2\/types\/post"}],"author":[{"embeddable":true,"href":"https:\/\/storytellers.se\/index.php?rest_route=\/wp\/v2\/users\/2"}],"replies":[{"embeddable":true,"href":"https:\/\/storytellers.se\/index.php?rest_route=%2Fwp%2Fv2%2Fcomments&post=5033"}],"version-history":[{"count":0,"href":"https:\/\/storytellers.se\/index.php?rest_route=\/wp\/v2\/posts\/5033\/revisions"}],"wp:attachment":[{"href":"https:\/\/storytellers.se\/index.php?rest_route=%2Fwp%2Fv2%2Fmedia&parent=5033"}],"wp:term":[{"taxonomy":"category","embeddable":true,"href":"https:\/\/storytellers.se\/index.php?rest_route=%2Fwp%2Fv2%2Fcategories&post=5033"},{"taxonomy":"post_tag","embeddable":true,"href":"https:\/\/storytellers.se\/index.php?rest_route=%2Fwp%2Fv2%2Ftags&post=5033"}],"curies":[{"name":"wp","href":"https:\/\/api.w.org\/{rel}","templated":true}]}}