{"id":4997,"date":"2016-10-22T16:44:21","date_gmt":"2016-10-22T14:44:21","guid":{"rendered":"http:\/\/storytellers.se\/?p=4997"},"modified":"2016-10-22T16:44:21","modified_gmt":"2016-10-22T14:44:21","slug":"storytelling-befolkar-varumarket-verkligheten-duger","status":"publish","type":"post","link":"https:\/\/storytellers.se\/?p=4997","title":{"rendered":"Storytelling befolkar varum\u00e4rket \u2013 verkligheten duger"},"content":{"rendered":"<p>All m\u00e4nsklig verksamhet kommuniceras med ber\u00e4ttelser, Storytelling. N\u00e4r det kommer till f\u00f6retag och organisationer brukar det kallas Corporate Storytelling eller Storytelling in and about organizations.<\/p>\n<p>Detta har jag och Storytellers arbetat med i drygt 15 \u00e5r under de egna slagorden: <strong><em>Storytelling befolkar varum\u00e4rket \u2013 verkligheten duger<\/em><\/strong>.<\/p>\n<p>Hur som helst, om vi tror p\u00e5 ber\u00e4ttelsens betydelse s\u00e5 inser vi att ocks\u00e5 stora och sm\u00e5 f\u00f6retag och organisationer b\u00e4rs av sina ber\u00e4ttelser. Utan ber\u00e4ttelser g\u00e5r verksamheten helt enkelt under.<\/p>\n<p>Ber\u00e4ttelserna inspirerar medarbetare, sprider kunskap och f\u00f6rb\u00e4ttrar f\u00f6rhoppningsvis\u00a0i f\u00f6rl\u00e4ngningen\u00a0produktiviteten. Detta kan f\u00f6rst\u00e5s surra inom triben men ber\u00e4ttelserna surrar ocks\u00e5 p\u00e5 utsidan runt omkring varum\u00e4rket och bidrar till att befolka det.<\/p>\n<p>Det kan vara positiva och negativa ber\u00e4ttelser. Oavsett vilket s\u00e5 bygger de den framtid vi \u00e4nnu inte har sett. Ska man vara trygg med ber\u00e4ttelserna\u00a0s\u00e5 m\u00e5ste de vara f\u00f6rankrade i verkligheten. Jag talar allts\u00e5 inte om p\u00e5hittade scenarier och reklamsagor, utan om stories som handlar om verkliga h\u00e4ndelser som visar n\u00e5got viktigt.<\/p>\n<p>Storytelling speglar, vare sig man vill eller inte, gruppens v\u00e4rderingar n\u00e4r ber\u00e4ttelserna m\u00f6ts och st\u00f6ts och bl\u00f6ts.<\/p>\n<p>P\u00e5 vilket s\u00e4tt folkloren hanteras kan vara skillnaden mellan att lysa som en sp\u00e4nnande, skimrande stj\u00e4rna eller att vara \u00a0en gr\u00e5 flock som f\u00e5 ens l\u00e4gger m\u00e4rke till.<\/p>\n<p>B\u00e4sta storyn vinner.<\/p>\n","protected":false},"excerpt":{"rendered":"<p>All m\u00e4nsklig verksamhet kommuniceras med ber\u00e4ttelser, Storytelling. N\u00e4r det kommer till f\u00f6retag och organisationer brukar det kallas Corporate Storytelling eller Storytelling in and about organizations. Detta har jag och Storytellers arbetat med i drygt 15 \u00e5r under de egna slagorden: Storytelling befolkar varum\u00e4rket \u2013 verkligheten duger. Hur som helst, om vi tror p\u00e5 ber\u00e4ttelsens betydelse&#8230;<\/p>\n","protected":false},"author":2,"featured_media":0,"comment_status":"open","ping_status":"open","sticky":false,"template":"","format":"standard","meta":[],"categories":[2],"tags":[],"_links":{"self":[{"href":"https:\/\/storytellers.se\/index.php?rest_route=\/wp\/v2\/posts\/4997"}],"collection":[{"href":"https:\/\/storytellers.se\/index.php?rest_route=\/wp\/v2\/posts"}],"about":[{"href":"https:\/\/storytellers.se\/index.php?rest_route=\/wp\/v2\/types\/post"}],"author":[{"embeddable":true,"href":"https:\/\/storytellers.se\/index.php?rest_route=\/wp\/v2\/users\/2"}],"replies":[{"embeddable":true,"href":"https:\/\/storytellers.se\/index.php?rest_route=%2Fwp%2Fv2%2Fcomments&post=4997"}],"version-history":[{"count":0,"href":"https:\/\/storytellers.se\/index.php?rest_route=\/wp\/v2\/posts\/4997\/revisions"}],"wp:attachment":[{"href":"https:\/\/storytellers.se\/index.php?rest_route=%2Fwp%2Fv2%2Fmedia&parent=4997"}],"wp:term":[{"taxonomy":"category","embeddable":true,"href":"https:\/\/storytellers.se\/index.php?rest_route=%2Fwp%2Fv2%2Fcategories&post=4997"},{"taxonomy":"post_tag","embeddable":true,"href":"https:\/\/storytellers.se\/index.php?rest_route=%2Fwp%2Fv2%2Ftags&post=4997"}],"curies":[{"name":"wp","href":"https:\/\/api.w.org\/{rel}","templated":true}]}}