{"id":4962,"date":"2016-10-18T12:17:47","date_gmt":"2016-10-18T10:17:47","guid":{"rendered":"http:\/\/storytellers.se\/?p=4962"},"modified":"2016-10-18T12:17:47","modified_gmt":"2016-10-18T10:17:47","slug":"om-chefen-dor-eller-plotsligt-forsvinner","status":"publish","type":"post","link":"https:\/\/storytellers.se\/?p=4962","title":{"rendered":"Om chefen d\u00f6r eller pl\u00f6tsligt f\u00f6rsvinner"},"content":{"rendered":"<p>N\u00e4r man studerar traditionella akademiska socialantropologiska uppsatser och artiklar\u00a0handlar det ofta om organisationen av gruppen, klanen, byn eller vad det kan vara. Ofta i ett statsl\u00f6st samh\u00e4lle. Ofta n\u00e4r n\u00e5got of\u00f6rutsett och kanske o\u00f6nskat intr\u00e4ffar.<\/p>\n<p>Hur hanterar man exempelvis en brottsling i ett samh\u00e4lle som saknar f\u00e4ngelser? Hur f\u00f6rsvarar man sig n\u00e4r man inte har en arm\u00e9? Vad g\u00f6r man n\u00e4r en klanh\u00f6vding d\u00f6r hastigt?<\/p>\n<p>Jag skrev sj\u00e4lv en uppsats en g\u00e5ng om just det sista. H\u00f6vdingen d\u00f6r. D\u00e5 inleds en process som str\u00e4cker sig ett helt \u00e5r innan gruppen funnit sin nya organisation d\u00e4r de nya rollerna \u00e4r klargjorda. Den balsamerade d\u00f6de kan f\u00f6rst efter detta br\u00e4nnas. D\u00e5 \u00e4r han utfasad. Under tiden har den d\u00f6de\u00a0funnits i en hydda d\u00e4r det till och med burits fram \u00f6l och mat.<\/p>\n<p>Om man skulle anl\u00e4gga antropologiska perspektiv p\u00e5 en modern arbetsorganisation kan man kanske fr\u00e5ga sig vad som h\u00e4nder om chefen pl\u00f6tsligt d\u00f6r eller f\u00e5r sparken. Hur beredd \u00e4r organisationen att hantera en s\u00e5dan kris utan att f\u00f6rlora tid, kompetens och konkurrenskraft.<\/p>\n<p>Jag tror nog att det g\u00e5r mycket f\u00f6rlorat i dagens arbetsliv p g a d\u00e5lig krisberedskap d\u00e4r man gl\u00f6mmer kultur- och kompetenskapitalet.<\/p>\n","protected":false},"excerpt":{"rendered":"<p>N\u00e4r man studerar traditionella akademiska socialantropologiska uppsatser och artiklar\u00a0handlar det ofta om organisationen av gruppen, klanen, byn eller vad det kan vara. Ofta i ett statsl\u00f6st samh\u00e4lle. Ofta n\u00e4r n\u00e5got of\u00f6rutsett och kanske o\u00f6nskat intr\u00e4ffar. Hur hanterar man exempelvis en brottsling i ett samh\u00e4lle som saknar f\u00e4ngelser? Hur f\u00f6rsvarar man sig n\u00e4r man inte har&#8230;<\/p>\n","protected":false},"author":2,"featured_media":0,"comment_status":"open","ping_status":"open","sticky":false,"template":"","format":"standard","meta":[],"categories":[5],"tags":[],"_links":{"self":[{"href":"https:\/\/storytellers.se\/index.php?rest_route=\/wp\/v2\/posts\/4962"}],"collection":[{"href":"https:\/\/storytellers.se\/index.php?rest_route=\/wp\/v2\/posts"}],"about":[{"href":"https:\/\/storytellers.se\/index.php?rest_route=\/wp\/v2\/types\/post"}],"author":[{"embeddable":true,"href":"https:\/\/storytellers.se\/index.php?rest_route=\/wp\/v2\/users\/2"}],"replies":[{"embeddable":true,"href":"https:\/\/storytellers.se\/index.php?rest_route=%2Fwp%2Fv2%2Fcomments&post=4962"}],"version-history":[{"count":0,"href":"https:\/\/storytellers.se\/index.php?rest_route=\/wp\/v2\/posts\/4962\/revisions"}],"wp:attachment":[{"href":"https:\/\/storytellers.se\/index.php?rest_route=%2Fwp%2Fv2%2Fmedia&parent=4962"}],"wp:term":[{"taxonomy":"category","embeddable":true,"href":"https:\/\/storytellers.se\/index.php?rest_route=%2Fwp%2Fv2%2Fcategories&post=4962"},{"taxonomy":"post_tag","embeddable":true,"href":"https:\/\/storytellers.se\/index.php?rest_route=%2Fwp%2Fv2%2Ftags&post=4962"}],"curies":[{"name":"wp","href":"https:\/\/api.w.org\/{rel}","templated":true}]}}