{"id":4920,"date":"2016-10-15T11:19:48","date_gmt":"2016-10-15T09:19:48","guid":{"rendered":"http:\/\/storytellers.se\/?p=4920"},"modified":"2016-10-15T11:19:48","modified_gmt":"2016-10-15T09:19:48","slug":"forst-medarbetare-sen-kunder","status":"publish","type":"post","link":"https:\/\/storytellers.se\/?p=4920","title":{"rendered":"F\u00f6rst medarbetare, sen kunder"},"content":{"rendered":"<p>Den 23 november medverkar jag i heldagsseminariet <em><strong>Employer branding f\u00f6r HR<\/strong><\/em>. Jag har varit med d\u00e4r flera g\u00e5nger genom \u00e5ren.<\/p>\n<p>Jag kommer bland annat att tala om v\u00e4rdet och vikten av att bygga en kulturmilj\u00f6 i och kring organisationen som g\u00f6r att medarbetarna vill och kan ber\u00e4tta om verksamheten. Jag vet\u00a0att man kan stimulera byggandet av en folkloristik repertoar och jag vet hur man g\u00f6r.<\/p>\n<p>Perspektivet den h\u00e4r g\u00e5ngen utg\u00e5r allts\u00e5 fr\u00e5n m\u00e4nniskorna som \u00e4r <em>HR- och Knowledge managementansvariga<\/em>. Corporate Storytelling b\u00e4rs ju och \u00e4gs faktiskt av m\u00e4nniskorna som vet vad det handlar om.<\/p>\n<p><a href=\"http:\/\/hrbloggen.se\/2016\/10\/storytelling-speglar-kulturen.html\">L\u00e4s h\u00e4r om tankarna och om seminariet<\/a>\u00a0som helhet.<\/p>\n","protected":false},"excerpt":{"rendered":"<p>Den 23 november medverkar jag i heldagsseminariet Employer branding f\u00f6r HR. Jag har varit med d\u00e4r flera g\u00e5nger genom \u00e5ren. Jag kommer bland annat att tala om v\u00e4rdet och vikten av att bygga en kulturmilj\u00f6 i och kring organisationen som g\u00f6r att medarbetarna vill och kan ber\u00e4tta om verksamheten. Jag vet\u00a0att man kan stimulera byggandet&#8230;<\/p>\n","protected":false},"author":2,"featured_media":0,"comment_status":"open","ping_status":"open","sticky":false,"template":"","format":"standard","meta":[],"categories":[9],"tags":[],"_links":{"self":[{"href":"https:\/\/storytellers.se\/index.php?rest_route=\/wp\/v2\/posts\/4920"}],"collection":[{"href":"https:\/\/storytellers.se\/index.php?rest_route=\/wp\/v2\/posts"}],"about":[{"href":"https:\/\/storytellers.se\/index.php?rest_route=\/wp\/v2\/types\/post"}],"author":[{"embeddable":true,"href":"https:\/\/storytellers.se\/index.php?rest_route=\/wp\/v2\/users\/2"}],"replies":[{"embeddable":true,"href":"https:\/\/storytellers.se\/index.php?rest_route=%2Fwp%2Fv2%2Fcomments&post=4920"}],"version-history":[{"count":0,"href":"https:\/\/storytellers.se\/index.php?rest_route=\/wp\/v2\/posts\/4920\/revisions"}],"wp:attachment":[{"href":"https:\/\/storytellers.se\/index.php?rest_route=%2Fwp%2Fv2%2Fmedia&parent=4920"}],"wp:term":[{"taxonomy":"category","embeddable":true,"href":"https:\/\/storytellers.se\/index.php?rest_route=%2Fwp%2Fv2%2Fcategories&post=4920"},{"taxonomy":"post_tag","embeddable":true,"href":"https:\/\/storytellers.se\/index.php?rest_route=%2Fwp%2Fv2%2Ftags&post=4920"}],"curies":[{"name":"wp","href":"https:\/\/api.w.org\/{rel}","templated":true}]}}