{"id":4903,"date":"2016-10-09T16:12:51","date_gmt":"2016-10-09T14:12:51","guid":{"rendered":"http:\/\/storytellers.se\/?p=4903"},"modified":"2016-10-09T16:12:51","modified_gmt":"2016-10-09T14:12:51","slug":"text-ljud-bild-muntligt-inspelat","status":"publish","type":"post","link":"https:\/\/storytellers.se\/?p=4903","title":{"rendered":"Text, ljud, bild, muntligt, inspelat?"},"content":{"rendered":"<p>Jag har genom \u00e5ren f\u00e5tt m\u00e5nga fr\u00e5gor om hur Corporate Storytelling kan f\u00f6rpackas och distribueras. Jag brukar d\u00e5 svara att det viktigaste \u00e4r inneh\u00e5llet. Sen kan det hela f\u00f6rst\u00e5s distribueras p\u00e5 alla m\u00f6jliga s\u00e4tt och alla t\u00e4nkbara kanaler och plattformar.<\/p>\n<p>N\u00e4r jag hittade en film av <strong>Ali Talib<\/strong> fr\u00e5n J\u00e4rf\u00e4lla bubblade de h\u00e4r tankarna upp i mitt huvud. <a href=\"https:\/\/vimeo.com\/168013705\">H\u00e4r <\/a>har vi b\u00e5de ljud och bild p\u00e5 sitt s\u00e4tt.<\/p>\n","protected":false},"excerpt":{"rendered":"<p>Jag har genom \u00e5ren f\u00e5tt m\u00e5nga fr\u00e5gor om hur Corporate Storytelling kan f\u00f6rpackas och distribueras. Jag brukar d\u00e5 svara att det viktigaste \u00e4r inneh\u00e5llet. Sen kan det hela f\u00f6rst\u00e5s distribueras p\u00e5 alla m\u00f6jliga s\u00e4tt och alla t\u00e4nkbara kanaler och plattformar. N\u00e4r jag hittade en film av Ali Talib fr\u00e5n J\u00e4rf\u00e4lla bubblade de h\u00e4r tankarna upp&#8230;<\/p>\n","protected":false},"author":2,"featured_media":0,"comment_status":"open","ping_status":"open","sticky":false,"template":"","format":"standard","meta":[],"categories":[9,11],"tags":[],"_links":{"self":[{"href":"https:\/\/storytellers.se\/index.php?rest_route=\/wp\/v2\/posts\/4903"}],"collection":[{"href":"https:\/\/storytellers.se\/index.php?rest_route=\/wp\/v2\/posts"}],"about":[{"href":"https:\/\/storytellers.se\/index.php?rest_route=\/wp\/v2\/types\/post"}],"author":[{"embeddable":true,"href":"https:\/\/storytellers.se\/index.php?rest_route=\/wp\/v2\/users\/2"}],"replies":[{"embeddable":true,"href":"https:\/\/storytellers.se\/index.php?rest_route=%2Fwp%2Fv2%2Fcomments&post=4903"}],"version-history":[{"count":0,"href":"https:\/\/storytellers.se\/index.php?rest_route=\/wp\/v2\/posts\/4903\/revisions"}],"wp:attachment":[{"href":"https:\/\/storytellers.se\/index.php?rest_route=%2Fwp%2Fv2%2Fmedia&parent=4903"}],"wp:term":[{"taxonomy":"category","embeddable":true,"href":"https:\/\/storytellers.se\/index.php?rest_route=%2Fwp%2Fv2%2Fcategories&post=4903"},{"taxonomy":"post_tag","embeddable":true,"href":"https:\/\/storytellers.se\/index.php?rest_route=%2Fwp%2Fv2%2Ftags&post=4903"}],"curies":[{"name":"wp","href":"https:\/\/api.w.org\/{rel}","templated":true}]}}