{"id":4874,"date":"2016-10-05T13:51:22","date_gmt":"2016-10-05T11:51:22","guid":{"rendered":"http:\/\/storytellers.se\/?p=4874"},"modified":"2016-10-05T13:51:22","modified_gmt":"2016-10-05T11:51:22","slug":"fan-vad-trakigt-med-siffror-och-statistik-sa-hon","status":"publish","type":"post","link":"https:\/\/storytellers.se\/?p=4874","title":{"rendered":"Fan vad tr\u00e5kigt med siffror och statistik, sa hon"},"content":{"rendered":"<p>Jag tr\u00e4ffade en man inom <em>EU-systemet<\/em> som arbetade med statistik och analyser. Han tyckte sj\u00e4lv att han hade bra koll p\u00e5 verkligheten, i det h\u00e4r fallet var det gr\u00e4nshandel.<\/p>\n<p>Men han m\u00e4rkte ocks\u00e5 att m\u00e5nga tyckte det han h\u00f6ll p\u00e5 med verkade s\u00e5 trist.<\/p>\n<p>Han tyckte om att dansa och tr\u00e4ffa nya personer. Det var n\u00e4r han sa att han arbetade med statistik och analys som\u00a0han g\u00e5ng p\u00e5 g\u00e5ng fick h\u00f6ra:<\/p>\n<p>\u2013 Fan, vad tr\u00e5kigt med siffror och statistik.<\/p>\n<p>Han b\u00f6rjade d\u00e5 fundera \u00f6ver detta. Han tyckte ju sj\u00e4lv att han ber\u00e4ttade om m\u00e4nniskor och hur de r\u00f6r sig och lever. F\u00f6rr, nu och kanske rent av n\u00e5got om framtidens m\u00e4nniska. S\u00e5 han b\u00f6rjade i sociala sammanhang ist\u00e4llet kalla sig ber\u00e4ttare.<\/p>\n<p>D\u00e5 blev folk intresserade och tyckte han arbetade men n\u00e5got mycket intressant.<\/p>\n<p>Att anv\u00e4nda storytellingmetoden och krydda ber\u00e4ttelserna med siffror och statistik \u00e4r fullt m\u00f6jligt. All statistik handlar ytterst om m\u00e4nniskor och m\u00e4nsklig aktivitet. S\u00e5 det kan beh\u00f6vas befolkade ber\u00e4ttelser n\u00e4r man ska redovisa och rapportera.<\/p>\n<p>Storytelling handlar om evolution. Genom att ber\u00e4tta och dela ber\u00e4ttelser utvecklas den m\u00e4nskliga kulturen. I Corporate Storytellingsammanhang kan vi tala om evolution av organisation.<\/p>\n<p>L\u00e5ngt innan m\u00e4nniskan b\u00f6rjade beskriva verkligheten i siffror och diagram s\u00e5 var det storytelling som i tiotusentals \u00e5r var verktyget. Och det d\u00e4r kan vi alla. Det finns p\u00e5 n\u00e5got s\u00e4tt nedlagt i oss.<\/p>\n<p>Det g\u00e4ller att behandla sifferfobiska m\u00e4nniskor och diagramdyslektiker med varsam hand. Vi kan d\u00e5 ta fram det ur\u00e5ldriga emotionella och beskrivande storytellingverktyget. Tala om var vi kommer ifr\u00e5n, var vi befinner oss och vart vi \u00e4r p\u00e5 v\u00e4g.<\/p>\n<p>Detta kr\u00e4ver emotionella tekniker som mycket v\u00e4l kan kryddas och spetsas med siffror och statistik. Det ger ocks\u00e5 ledare i f\u00f6retag och organisationer ett kraftfullt ledarskapsverktyg.<\/p>\n<p>Jag vet hur man g\u00f6r.<\/p>\n","protected":false},"excerpt":{"rendered":"<p>Jag tr\u00e4ffade en man inom EU-systemet som arbetade med statistik och analyser. Han tyckte sj\u00e4lv att han hade bra koll p\u00e5 verkligheten, i det h\u00e4r fallet var det gr\u00e4nshandel. Men han m\u00e4rkte ocks\u00e5 att m\u00e5nga tyckte det han h\u00f6ll p\u00e5 med verkade s\u00e5 trist. Han tyckte om att dansa och tr\u00e4ffa nya personer. Det var&#8230;<\/p>\n","protected":false},"author":2,"featured_media":0,"comment_status":"open","ping_status":"open","sticky":false,"template":"","format":"standard","meta":[],"categories":[10],"tags":[],"_links":{"self":[{"href":"https:\/\/storytellers.se\/index.php?rest_route=\/wp\/v2\/posts\/4874"}],"collection":[{"href":"https:\/\/storytellers.se\/index.php?rest_route=\/wp\/v2\/posts"}],"about":[{"href":"https:\/\/storytellers.se\/index.php?rest_route=\/wp\/v2\/types\/post"}],"author":[{"embeddable":true,"href":"https:\/\/storytellers.se\/index.php?rest_route=\/wp\/v2\/users\/2"}],"replies":[{"embeddable":true,"href":"https:\/\/storytellers.se\/index.php?rest_route=%2Fwp%2Fv2%2Fcomments&post=4874"}],"version-history":[{"count":0,"href":"https:\/\/storytellers.se\/index.php?rest_route=\/wp\/v2\/posts\/4874\/revisions"}],"wp:attachment":[{"href":"https:\/\/storytellers.se\/index.php?rest_route=%2Fwp%2Fv2%2Fmedia&parent=4874"}],"wp:term":[{"taxonomy":"category","embeddable":true,"href":"https:\/\/storytellers.se\/index.php?rest_route=%2Fwp%2Fv2%2Fcategories&post=4874"},{"taxonomy":"post_tag","embeddable":true,"href":"https:\/\/storytellers.se\/index.php?rest_route=%2Fwp%2Fv2%2Ftags&post=4874"}],"curies":[{"name":"wp","href":"https:\/\/api.w.org\/{rel}","templated":true}]}}