{"id":4807,"date":"2016-10-02T15:27:36","date_gmt":"2016-10-02T13:27:36","guid":{"rendered":"http:\/\/storytellers.se\/?p=4807"},"modified":"2016-10-02T15:27:36","modified_gmt":"2016-10-02T13:27:36","slug":"water-sa-han-it-is-the-water","status":"publish","type":"post","link":"https:\/\/storytellers.se\/?p=4807","title":{"rendered":"Water, sa han. It is the water"},"content":{"rendered":"<p>Jag tr\u00e4ffade, p\u00e5 uppdrag av <em>Sida<\/em>, f\u00f6r m\u00e5nga\u00a0\u00e5r sedan en klanh\u00f6vding fr\u00e5n \u00d6stafrika. Jag minns inte hans namn. Men han var bjuden till Sverige f\u00f6r att ber\u00e4tta om ett vattenprojekt d\u00e4r Sida var drivande.<\/p>\n<p>Mannen var l\u00e5ng och rak. Kl\u00e4dd i traditionella f\u00e4rggranna kl\u00e4der. Hans blick var stadig och v\u00e4nlig. Jag fr\u00e5gade honom vilka de starkaste intrycken var f\u00f6r honom n\u00e4r han nu f\u00f6r f\u00f6rsta g\u00e5ngen kom till Sverige.<\/p>\n<p>\u2013 Water, sa han. It is the water.<\/p>\n<p>Han var fullst\u00e4ndigt fascinerad av alla sj\u00f6ar och vattendrag som han s\u00e5g redan fr\u00e5n flygplanet och som enligt honom fanns runt honom hela tiden h\u00e4r i Sverige. Utmed v\u00e4garna och inte minst i Stockholm som ju ligger p\u00e5 vattnet.<\/p>\n<p>Skulle n\u00e5gon bist\u00e5ndsgivare verkligen kunna hj\u00e4lpa hans folk s\u00e5 skulle det nog komma fr\u00e5n vattenfolket i Norden.<\/p>\n<p>Den h\u00e4ndelsen kan man kalla en story.<\/p>\n<p>Den f\u00e5r mig att t\u00e4nka p\u00e5 <strong>Steve Denning<\/strong>, en av de fr\u00e4msta internationella experterna inom <em>Corporate Storytelling<\/em>. Jag k\u00e4nner honom lite grand eftersom\u00a0vi har f\u00f6rel\u00e4st tillsammans i storytellingsammanhang.<\/p>\n<p>Steve arbetade i slutet av 90-talet som knowledge manager p\u00e5 <em>V\u00e4rldsbanken<\/em>. D\u00e5 ins\u00e5g han att den interna kunskapen inom banken om vad de faktiskt h\u00f6ll p\u00e5 med och vilken nytta banken gjorde och f\u00f6r vilka de fanns till var l\u00e5g.<\/p>\n<p>Medarbetarna\u00a0talade om budgetar, organisation och styrdokument men inte om m\u00e4nniskorna f\u00f6r vilka banken faktiskt arbetade. Steve\u00a0l\u00e4t d\u00e5 experter\u00a0samla in h\u00e4ndelsebaserade ber\u00e4ttelser om enskilda m\u00e4nniskor f\u00f6r vilka banken hade gjort skillnad.<\/p>\n<p>Nytta &#8211; inte organisation och budget allts\u00e5. Allt handlar ytterst om m\u00e4nniskor.<\/p>\n<p>Detta ledde till en organisationsutveckling som kan sorteras in under begreppet Corporate Storytelling. Sen dess har Steve Denning skrivit m\u00e5nga\u00a0b\u00f6cker om Storytelling och han \u00e4r en uppskattad f\u00f6rel\u00e4sare v\u00e4rlden \u00f6ver.<\/p>\n","protected":false},"excerpt":{"rendered":"<p>Jag tr\u00e4ffade, p\u00e5 uppdrag av Sida, f\u00f6r m\u00e5nga\u00a0\u00e5r sedan en klanh\u00f6vding fr\u00e5n \u00d6stafrika. Jag minns inte hans namn. Men han var bjuden till Sverige f\u00f6r att ber\u00e4tta om ett vattenprojekt d\u00e4r Sida var drivande. Mannen var l\u00e5ng och rak. Kl\u00e4dd i traditionella f\u00e4rggranna kl\u00e4der. Hans blick var stadig och v\u00e4nlig. Jag fr\u00e5gade honom vilka de&#8230;<\/p>\n","protected":false},"author":2,"featured_media":0,"comment_status":"open","ping_status":"open","sticky":false,"template":"","format":"standard","meta":[],"categories":[4,9],"tags":[],"_links":{"self":[{"href":"https:\/\/storytellers.se\/index.php?rest_route=\/wp\/v2\/posts\/4807"}],"collection":[{"href":"https:\/\/storytellers.se\/index.php?rest_route=\/wp\/v2\/posts"}],"about":[{"href":"https:\/\/storytellers.se\/index.php?rest_route=\/wp\/v2\/types\/post"}],"author":[{"embeddable":true,"href":"https:\/\/storytellers.se\/index.php?rest_route=\/wp\/v2\/users\/2"}],"replies":[{"embeddable":true,"href":"https:\/\/storytellers.se\/index.php?rest_route=%2Fwp%2Fv2%2Fcomments&post=4807"}],"version-history":[{"count":0,"href":"https:\/\/storytellers.se\/index.php?rest_route=\/wp\/v2\/posts\/4807\/revisions"}],"wp:attachment":[{"href":"https:\/\/storytellers.se\/index.php?rest_route=%2Fwp%2Fv2%2Fmedia&parent=4807"}],"wp:term":[{"taxonomy":"category","embeddable":true,"href":"https:\/\/storytellers.se\/index.php?rest_route=%2Fwp%2Fv2%2Fcategories&post=4807"},{"taxonomy":"post_tag","embeddable":true,"href":"https:\/\/storytellers.se\/index.php?rest_route=%2Fwp%2Fv2%2Ftags&post=4807"}],"curies":[{"name":"wp","href":"https:\/\/api.w.org\/{rel}","templated":true}]}}