{"id":4744,"date":"2016-10-01T14:35:30","date_gmt":"2016-10-01T12:35:30","guid":{"rendered":"http:\/\/storytellers.se\/?p=4744"},"modified":"2016-10-01T14:35:30","modified_gmt":"2016-10-01T12:35:30","slug":"jag-har-sagt-det-forut","status":"publish","type":"post","link":"https:\/\/storytellers.se\/?p=4744","title":{"rendered":"Jag har sagt det f\u00f6rut"},"content":{"rendered":"<p>Jag har sagt det f\u00f6rut men det t\u00e5l att upprepas:<\/p>\n<p>Sen jag b\u00f6rjade med<em> Corporate Storytelling<\/em> f\u00f6r drygt 15 \u00e5r sedan har begreppet seglat upp n\u00e4stan \u00f6verallt. Idag finns det v\u00e4l knappt n\u00e5gon som skulle vara emot Storytelling \u00e4ven om k\u00e4rt barn ocks\u00e5 f\u00e5r andra namn och nyanser som <em>-doing, -selling, -bulding<\/em> etcetera.<\/p>\n<p>Det kan bli mycket snack och lite verkstad.<\/p>\n<p>D\u00e4rf\u00f6r bygger jag i dag, \u00e4ven n\u00e4r jag \u00e4r p\u00e5 universitet och h\u00f6gskolor, \u00e4nnu mer mina f\u00f6rel\u00e4sningar och mina sk\u00f6rdeprojekt hos olika tribes p\u00e5 att <em>visa inte snacka<\/em>. Det \u00e4r lite av att stanna kvar, \u00e5tminstone delvis, i k\u00e4nslolivet snarare \u00e4n att g\u00f6ra teori uppe i hj\u00e4rnkontoret av det hela.<\/p>\n<p>Det finns ett begrepp som brukar anv\u00e4ndas f\u00f6r att bjuda in lyssnaren, l\u00e4saren eller tittaren i en tanke. <em>Show don\u00b4t tell<\/em>.<\/p>\n<p>Man brukar ibland citera gamla hyllade f\u00f6rfattare som exempelvis <strong>Tjechov<\/strong> som l\u00e4r ha sagt:<\/p>\n<p>&#8221;<em>Tala inte om f\u00f6r mig att att m\u00e5nen skiner, visa mig ist\u00e4llet glimten i ett sprucket glas<\/em>&#8221;<\/p>\n<p>Eller <strong>Hemingway<\/strong>:<\/p>\n<p>&#8221;<em>Visa l\u00e4sarna allt. Tala inte f\u00f6r dem vad som h\u00e4nder<\/em>&#8221;<\/p>\n<p>S\u00e5 jag arbetar power-point-fritt men med exempel p\u00e5 stories fr\u00e5n min j\u00e4ttebank av organisationsfolklore eftersom jag vet att alla, jag s\u00e4ger alla, fattar detta innerst inne. Vi \u00e4r ju m\u00e4nniskor och m\u00e4nniskan \u00e4r ett ber\u00e4ttande djur.<\/p>\n<p>Jag \u00e4r s\u00e5 tr\u00f6tt p\u00e5 de abstrakta analyserna kring att alla ber\u00e4ttar. Utanf\u00f6r de akademiska v\u00e4rldarna\u00a0finns ju faktiskt ocks\u00e5 sj\u00e4lva verkstaden.<\/p>\n<p>Visst ska vi rapportera, redovisa, beskriva i nyckeltal och diagram. Vi akademiker och forskarna ska f\u00f6rst\u00e5s s\u00e4kra den akademiska dimensionen. Men n\u00e4r vi g\u00e5r in i ber\u00e4ttardimensionen m\u00e5ste vi ocks\u00e5 leva med och befolka.<\/p>\n<p>D\u00e4r ligger nyckeln till den narrativa d\u00f6rren. D\u00e4r finns en emotionell v\u00e4rld som beh\u00f6vs f\u00f6r att den faktuella och vetenskapliga v\u00e4rlden ska bli begriplig.<\/p>\n<p>Organisationens folklore speglar kulturen och v\u00e4rderingarna. Detta brukar kallas Corporate Storytelling.<\/p>\n","protected":false},"excerpt":{"rendered":"<p>Jag har sagt det f\u00f6rut men det t\u00e5l att upprepas: Sen jag b\u00f6rjade med Corporate Storytelling f\u00f6r drygt 15 \u00e5r sedan har begreppet seglat upp n\u00e4stan \u00f6verallt. Idag finns det v\u00e4l knappt n\u00e5gon som skulle vara emot Storytelling \u00e4ven om k\u00e4rt barn ocks\u00e5 f\u00e5r andra namn och nyanser som -doing, -selling, -bulding etcetera. Det kan&#8230;<\/p>\n","protected":false},"author":2,"featured_media":0,"comment_status":"open","ping_status":"open","sticky":false,"template":"","format":"standard","meta":[],"categories":[2,9],"tags":[],"_links":{"self":[{"href":"https:\/\/storytellers.se\/index.php?rest_route=\/wp\/v2\/posts\/4744"}],"collection":[{"href":"https:\/\/storytellers.se\/index.php?rest_route=\/wp\/v2\/posts"}],"about":[{"href":"https:\/\/storytellers.se\/index.php?rest_route=\/wp\/v2\/types\/post"}],"author":[{"embeddable":true,"href":"https:\/\/storytellers.se\/index.php?rest_route=\/wp\/v2\/users\/2"}],"replies":[{"embeddable":true,"href":"https:\/\/storytellers.se\/index.php?rest_route=%2Fwp%2Fv2%2Fcomments&post=4744"}],"version-history":[{"count":0,"href":"https:\/\/storytellers.se\/index.php?rest_route=\/wp\/v2\/posts\/4744\/revisions"}],"wp:attachment":[{"href":"https:\/\/storytellers.se\/index.php?rest_route=%2Fwp%2Fv2%2Fmedia&parent=4744"}],"wp:term":[{"taxonomy":"category","embeddable":true,"href":"https:\/\/storytellers.se\/index.php?rest_route=%2Fwp%2Fv2%2Fcategories&post=4744"},{"taxonomy":"post_tag","embeddable":true,"href":"https:\/\/storytellers.se\/index.php?rest_route=%2Fwp%2Fv2%2Ftags&post=4744"}],"curies":[{"name":"wp","href":"https:\/\/api.w.org\/{rel}","templated":true}]}}