{"id":4681,"date":"2016-09-30T16:48:56","date_gmt":"2016-09-30T14:48:56","guid":{"rendered":"http:\/\/storytellers.se\/?p=4681"},"modified":"2016-09-30T16:48:56","modified_gmt":"2016-09-30T14:48:56","slug":"det-var-radbandet-hon-vill-ha","status":"publish","type":"post","link":"https:\/\/storytellers.se\/?p=4681","title":{"rendered":"Det var radbandet hon ville ha"},"content":{"rendered":"<p>Ibland f\u00e5r jag uppdrag att tala inf\u00f6r och sk\u00f6rda tillsammans med personal fr\u00e5n v\u00e5rd och omsorg. Nyligen tr\u00e4ffade\u00a0jag personal hos <em>Gislaveds kommun<\/em> i Sm\u00e5land. En medarbetare\u00a0p\u00e5 ett demensboende\u00a0ber\u00e4ttade d\u00e5 om en h\u00e4ndelse som hade ber\u00f6rt henne.<\/p>\n<p>Det handlade om en kvinna, ursprungligen fr\u00e5n Polen, som hade kommit in till boendet efter en massiv hj\u00e4rnbl\u00f6dning. Hon hade f\u00f6rlorat talf\u00f6rm\u00e5gan och var dessutom mycket orolig. Framstod som r\u00e4tt\u00a0aggressiv.<\/p>\n<p>Hon l\u00e5g i sin s\u00e4ng och slog oavbrutet med sin arm \u00f6ver nattduksbordet. M\u00e5nga p\u00e5 boendet\u00a0h\u00f6rde kvinnan ropa och dunka och det spred en oro.<\/p>\n<p>Personalen f\u00f6rs\u00f6kte lugna kvinnan\u00a0p\u00e5 alla m\u00f6jliga s\u00e4tt. Slutligen var det en ur den erfarna\u00a0 professionella kadern av medarbetare som t\u00e4nkte att hon kanske \u00e4nd\u00e5 menar n\u00e5got som vi inte har f\u00f6rst\u00e5tt. Hon gick in till kvinnan igen och drog f\u00f6rsiktigt ut l\u00e5dan i kvinnans nattduksbord. D\u00e4r, l\u00e4ngst in bland de personliga tillh\u00f6righeterna, l\u00e5g ett radband.<\/p>\n<p>Sk\u00f6terskan tog radbandet\u00a0och gav det till kvinnan.<\/p>\n<p>D\u00e4refter blev allt lugnt och kvinnan, som var katolik, verkade n\u00f6jd trots\u00a0sin sv\u00e5ra situation medan hon fingrade p\u00e5 sitt radband.<\/p>\n<p>En omv\u00e5rdnadsber\u00e4ttelse som kanske kan exemplifiera p\u00e5st\u00e5enden som: <em>Vi ska se brukarna som unika individer. Lyssna in deras s\u00e4rskilda behov<\/em>\u00a0<em>och<\/em> h<em>itta den l\u00f6sning som \u00e4r b\u00e4st f\u00f6r var och en och f\u00f6r andra boende.<\/em><\/p>\n<p>S\u00e5 enkel kan Corporate Storytelling ibland vara. En sann ber\u00e4ttelse om en verklig h\u00e4ndelse som visar meningen med verksamheten och varf\u00f6r den\u00a0finns och att man \u00e4r stolt \u00f6ver\u00a0bra l\u00f6sningar.<\/p>\n","protected":false},"excerpt":{"rendered":"<p>Ibland f\u00e5r jag uppdrag att tala inf\u00f6r och sk\u00f6rda tillsammans med personal fr\u00e5n v\u00e5rd och omsorg. Nyligen tr\u00e4ffade\u00a0jag personal hos Gislaveds kommun i Sm\u00e5land. En medarbetare\u00a0p\u00e5 ett demensboende\u00a0ber\u00e4ttade d\u00e5 om en h\u00e4ndelse som hade ber\u00f6rt henne. Det handlade om en kvinna, ursprungligen fr\u00e5n Polen, som hade kommit in till boendet efter en massiv hj\u00e4rnbl\u00f6dning. Hon&#8230;<\/p>\n","protected":false},"author":2,"featured_media":0,"comment_status":"open","ping_status":"open","sticky":false,"template":"","format":"standard","meta":[],"categories":[10],"tags":[],"_links":{"self":[{"href":"https:\/\/storytellers.se\/index.php?rest_route=\/wp\/v2\/posts\/4681"}],"collection":[{"href":"https:\/\/storytellers.se\/index.php?rest_route=\/wp\/v2\/posts"}],"about":[{"href":"https:\/\/storytellers.se\/index.php?rest_route=\/wp\/v2\/types\/post"}],"author":[{"embeddable":true,"href":"https:\/\/storytellers.se\/index.php?rest_route=\/wp\/v2\/users\/2"}],"replies":[{"embeddable":true,"href":"https:\/\/storytellers.se\/index.php?rest_route=%2Fwp%2Fv2%2Fcomments&post=4681"}],"version-history":[{"count":0,"href":"https:\/\/storytellers.se\/index.php?rest_route=\/wp\/v2\/posts\/4681\/revisions"}],"wp:attachment":[{"href":"https:\/\/storytellers.se\/index.php?rest_route=%2Fwp%2Fv2%2Fmedia&parent=4681"}],"wp:term":[{"taxonomy":"category","embeddable":true,"href":"https:\/\/storytellers.se\/index.php?rest_route=%2Fwp%2Fv2%2Fcategories&post=4681"},{"taxonomy":"post_tag","embeddable":true,"href":"https:\/\/storytellers.se\/index.php?rest_route=%2Fwp%2Fv2%2Ftags&post=4681"}],"curies":[{"name":"wp","href":"https:\/\/api.w.org\/{rel}","templated":true}]}}