{"id":4652,"date":"2016-09-08T11:02:57","date_gmt":"2016-09-08T09:02:57","guid":{"rendered":"http:\/\/storytellers.se\/?p=4652"},"modified":"2016-09-08T11:02:57","modified_gmt":"2016-09-08T09:02:57","slug":"sofia-rangsjo-intervjuade-mig","status":"publish","type":"post","link":"https:\/\/storytellers.se\/?p=4652","title":{"rendered":"Sofia Wrangsj\u00f6 intervjuade mig"},"content":{"rendered":"<p>Sofia Wrangsj\u00f6 \u00e4r bland annat workshopledare med filosofisk inriktning. Hon intervjuade mig nyligen om mina perspektiv p\u00e5 <strong><em>Storytelling i och om organisationer<\/em><\/strong>. Slutar man ber\u00e4tta s\u00e5 d\u00f6r man som kultur eftersom kulturen speglas i ber\u00e4ttelserna, h\u00e4vdar jag bland annat i intervjun.<\/p>\n<p><a href=\"http:\/\/us6.campaign-archive2.com\/?u=063403bfcaf43feff32492eba&amp;id=f3fc6ceaee&amp;e=3fcae96fd0\">H\u00e4r<\/a> \u00e4r den artikeln.<\/p>\n","protected":false},"excerpt":{"rendered":"<p>Sofia Wrangsj\u00f6 \u00e4r bland annat workshopledare med filosofisk inriktning. Hon intervjuade mig nyligen om mina perspektiv p\u00e5 Storytelling i och om organisationer. Slutar man ber\u00e4tta s\u00e5 d\u00f6r man som kultur eftersom kulturen speglas i ber\u00e4ttelserna, h\u00e4vdar jag bland annat i intervjun. H\u00e4r \u00e4r den artikeln.<\/p>\n","protected":false},"author":2,"featured_media":0,"comment_status":"open","ping_status":"open","sticky":false,"template":"","format":"standard","meta":[],"categories":[3],"tags":[],"_links":{"self":[{"href":"https:\/\/storytellers.se\/index.php?rest_route=\/wp\/v2\/posts\/4652"}],"collection":[{"href":"https:\/\/storytellers.se\/index.php?rest_route=\/wp\/v2\/posts"}],"about":[{"href":"https:\/\/storytellers.se\/index.php?rest_route=\/wp\/v2\/types\/post"}],"author":[{"embeddable":true,"href":"https:\/\/storytellers.se\/index.php?rest_route=\/wp\/v2\/users\/2"}],"replies":[{"embeddable":true,"href":"https:\/\/storytellers.se\/index.php?rest_route=%2Fwp%2Fv2%2Fcomments&post=4652"}],"version-history":[{"count":0,"href":"https:\/\/storytellers.se\/index.php?rest_route=\/wp\/v2\/posts\/4652\/revisions"}],"wp:attachment":[{"href":"https:\/\/storytellers.se\/index.php?rest_route=%2Fwp%2Fv2%2Fmedia&parent=4652"}],"wp:term":[{"taxonomy":"category","embeddable":true,"href":"https:\/\/storytellers.se\/index.php?rest_route=%2Fwp%2Fv2%2Fcategories&post=4652"},{"taxonomy":"post_tag","embeddable":true,"href":"https:\/\/storytellers.se\/index.php?rest_route=%2Fwp%2Fv2%2Ftags&post=4652"}],"curies":[{"name":"wp","href":"https:\/\/api.w.org\/{rel}","templated":true}]}}