{"id":4591,"date":"2016-08-17T17:14:50","date_gmt":"2016-08-17T15:14:50","guid":{"rendered":"http:\/\/storytellers.se\/?p=4591"},"modified":"2016-08-17T17:14:50","modified_gmt":"2016-08-17T15:14:50","slug":"stolt-heijbel-bjuder-pa-frukost","status":"publish","type":"post","link":"https:\/\/storytellers.se\/?p=4591","title":{"rendered":"Stolt &amp; Heijbel bjuder p\u00e5 frukost"},"content":{"rendered":"<p>Den 25 augusti kan du komma och dela en frukost och lite tankar och id\u00e9er med mig kring Storytelling och varum\u00e4rkesbyggande. Helt gratis.<\/p>\n<p>Jag har med en passionerad man, <strong>Ulf Bergman Stolt<\/strong>. Vi arbetar i samma kommunikationsn\u00e4tverk, K22. Han \u00e4r varum\u00e4rkesfantast och genom sitt f\u00f6retag, <em>Stolt Kommunikation<\/em>, missionerar han starkt f\u00f6r varum\u00e4rkesbyggandet.<\/p>\n<p>Nu bjuder vi tillsammans in till frukost den 25 augusti i v\u00e5ra konferensrum p\u00e5 K22 p\u00e5 Krukmakargatan p\u00e5 S\u00f6dermalm i Stockholm. Jag kommer att tala om ber\u00e4ttelsens betydelse f\u00f6r organisationsutveckling, rekrytering, s\u00e4lj och ledarskap. Jag kommer ocks\u00e5 att visa hur <em>Heijbelmodellen<\/em> snabbt och smidigt sk\u00f6rdar ber\u00e4ttelser.<\/p>\n<p>Ulf Bergman Stolt talar om hur man s\u00e4tter storysk\u00f6rden i arbete.<\/p>\n<p>Frukosten b\u00f6rjar klockan 08.01 och v\u00e5r gemensamma f\u00f6rel\u00e4sning p\u00e5g\u00e5r mellan 08.30-09.30. Jag \u00e4r garanterat power-point-fri men jag bjuder p\u00e5\u00a0flera muntliga och filmade exempel p\u00e5 hur man kan arbeta med Corporate Storytelling.<\/p>\n<p>Vill du komma s\u00e5 mejla matts@storytellers.se och skriv 25 augusti i rubrikraden s\u00e5 f\u00e5r du portkod och annat. Hoppas vi ses. Och jag hoppas att det finns plats ocks\u00e5 f\u00f6r dig.<\/p>\n<p>Jag s\u00e4ljer samtidigt min bok, <strong>Storytelling befolkar varum\u00e4rket<\/strong>, till f\u00f6rlagspris. 200 kr inkl moms. Du tar en bok och f\u00f6rlaget skickar sen en faktura.<\/p>\n<p>Hoppas vi ses.<\/p>\n","protected":false},"excerpt":{"rendered":"<p>Den 25 augusti kan du komma och dela en frukost och lite tankar och id\u00e9er med mig kring Storytelling och varum\u00e4rkesbyggande. Helt gratis. Jag har med en passionerad man, Ulf Bergman Stolt. Vi arbetar i samma kommunikationsn\u00e4tverk, K22. Han \u00e4r varum\u00e4rkesfantast och genom sitt f\u00f6retag, Stolt Kommunikation, missionerar han starkt f\u00f6r varum\u00e4rkesbyggandet. Nu bjuder vi&#8230;<\/p>\n","protected":false},"author":2,"featured_media":0,"comment_status":"open","ping_status":"open","sticky":false,"template":"","format":"standard","meta":[],"categories":[9],"tags":[],"_links":{"self":[{"href":"https:\/\/storytellers.se\/index.php?rest_route=\/wp\/v2\/posts\/4591"}],"collection":[{"href":"https:\/\/storytellers.se\/index.php?rest_route=\/wp\/v2\/posts"}],"about":[{"href":"https:\/\/storytellers.se\/index.php?rest_route=\/wp\/v2\/types\/post"}],"author":[{"embeddable":true,"href":"https:\/\/storytellers.se\/index.php?rest_route=\/wp\/v2\/users\/2"}],"replies":[{"embeddable":true,"href":"https:\/\/storytellers.se\/index.php?rest_route=%2Fwp%2Fv2%2Fcomments&post=4591"}],"version-history":[{"count":0,"href":"https:\/\/storytellers.se\/index.php?rest_route=\/wp\/v2\/posts\/4591\/revisions"}],"wp:attachment":[{"href":"https:\/\/storytellers.se\/index.php?rest_route=%2Fwp%2Fv2%2Fmedia&parent=4591"}],"wp:term":[{"taxonomy":"category","embeddable":true,"href":"https:\/\/storytellers.se\/index.php?rest_route=%2Fwp%2Fv2%2Fcategories&post=4591"},{"taxonomy":"post_tag","embeddable":true,"href":"https:\/\/storytellers.se\/index.php?rest_route=%2Fwp%2Fv2%2Ftags&post=4591"}],"curies":[{"name":"wp","href":"https:\/\/api.w.org\/{rel}","templated":true}]}}