{"id":4569,"date":"2016-02-08T11:34:16","date_gmt":"2016-02-08T10:34:16","guid":{"rendered":"http:\/\/storytellers.se\/?p=4569"},"modified":"2016-02-08T11:34:16","modified_gmt":"2016-02-08T10:34:16","slug":"ar-det-skrivna-pa-vag-ut","status":"publish","type":"post","link":"https:\/\/storytellers.se\/?p=4569","title":{"rendered":"\u00c4r det skrivna p\u00e5 v\u00e4g ut?"},"content":{"rendered":"<p>Som erfaren journalist och f\u00f6rfattare har jag ofta anv\u00e4nt det skrivna ordet. Visst har jag gjort b\u00e5de radio- och tv-produktioner \u00e4ven f\u00f6rr om \u00e5ren men d\u00e5 ofta med det skrivna manuset i grunden. N\u00e4r jag b\u00f6rjade med <em>Corporate Storytelling<\/em> och <em>Storytelling i och om organisationer<\/em> f\u00f6r cirka 15 \u00e5r sedan var det ofta r\u00e4tt sj\u00e4lvklart att vi menade skrivna ber\u00e4ttelser som kunde befolka varum\u00e4rket.<\/p>\n<p>Nu, sen m\u00e5nga \u00e5r, \u00e4r det talade och spontanfilmade formatet betydligt vanligare. Jag sk\u00f6rdar numera, tillsammans med mina uppdragsgivare, snabba oredigerade ber\u00e4ttelser utan manus, utan sk\u00e5despelare. Autentiska inspelningar om verkligheten som passar sociala media som hand i handske.<\/p>\n<p>I slut\u00e4ndan \u00e4r allt f\u00f6rst\u00e5s en fr\u00e5ga om <em><strong>vad<\/strong><\/em> &#8211; inte <em><strong>hur<\/strong><\/em> det distribueras. F\u00f6r m\u00e5nga i de yngre generationerna \u00e4r det skrivna budskapet inte lika lockande som det talade. Sj\u00e4lv anser jag att om du v\u00e4l vet vad du\/ni vill ber\u00e4tta s\u00e5 kan man anv\u00e4nda samma budskap i olika kanaler och distributionsformer. Men det \u00e4r klokt att reflerktera innan man ger sig in i att bygga ber\u00e4ttande organisationer.<\/p>\n","protected":false},"excerpt":{"rendered":"<p>Som erfaren journalist och f\u00f6rfattare har jag ofta anv\u00e4nt det skrivna ordet. Visst har jag gjort b\u00e5de radio- och tv-produktioner \u00e4ven f\u00f6rr om \u00e5ren men d\u00e5 ofta med det skrivna manuset i grunden. N\u00e4r jag b\u00f6rjade med Corporate Storytelling och Storytelling i och om organisationer f\u00f6r cirka 15 \u00e5r sedan var det ofta r\u00e4tt sj\u00e4lvklart&#8230;<\/p>\n","protected":false},"author":2,"featured_media":0,"comment_status":"open","ping_status":"open","sticky":false,"template":"","format":"standard","meta":[],"categories":[2],"tags":[],"_links":{"self":[{"href":"https:\/\/storytellers.se\/index.php?rest_route=\/wp\/v2\/posts\/4569"}],"collection":[{"href":"https:\/\/storytellers.se\/index.php?rest_route=\/wp\/v2\/posts"}],"about":[{"href":"https:\/\/storytellers.se\/index.php?rest_route=\/wp\/v2\/types\/post"}],"author":[{"embeddable":true,"href":"https:\/\/storytellers.se\/index.php?rest_route=\/wp\/v2\/users\/2"}],"replies":[{"embeddable":true,"href":"https:\/\/storytellers.se\/index.php?rest_route=%2Fwp%2Fv2%2Fcomments&post=4569"}],"version-history":[{"count":0,"href":"https:\/\/storytellers.se\/index.php?rest_route=\/wp\/v2\/posts\/4569\/revisions"}],"wp:attachment":[{"href":"https:\/\/storytellers.se\/index.php?rest_route=%2Fwp%2Fv2%2Fmedia&parent=4569"}],"wp:term":[{"taxonomy":"category","embeddable":true,"href":"https:\/\/storytellers.se\/index.php?rest_route=%2Fwp%2Fv2%2Fcategories&post=4569"},{"taxonomy":"post_tag","embeddable":true,"href":"https:\/\/storytellers.se\/index.php?rest_route=%2Fwp%2Fv2%2Ftags&post=4569"}],"curies":[{"name":"wp","href":"https:\/\/api.w.org\/{rel}","templated":true}]}}