{"id":4567,"date":"2016-02-03T15:19:54","date_gmt":"2016-02-03T14:19:54","guid":{"rendered":"http:\/\/storytellers.se\/?p=4567"},"modified":"2016-02-03T15:19:54","modified_gmt":"2016-02-03T14:19:54","slug":"kvinnan-stenades-till-dods","status":"publish","type":"post","link":"https:\/\/storytellers.se\/?p=4567","title":{"rendered":"Kvinnan stenades till d\u00f6ds"},"content":{"rendered":"<p>Detta \u00e4r det etthundraf\u00f6rsta nyhetsbrevet fr\u00e5n storytellers.se vilket inneb\u00e4r att det blivit en del genom \u00e5ren. Jag som skrivit alla dessa heter <strong>Matts Heijbel<\/strong>. Jag \u00e4r utbildad socialantropolog och \u00e4ven utbildad journalist och har arbetat som f\u00f6rfattare och journalist i m\u00e5nga \u00e5r innan jag f\u00f6r ett femtontal \u00e5r sedan kom in i det som internationellt kallas <em>Corporate Storytelling<\/em> eller <em>Storytelling in and about organizations<\/em>.<\/p>\n<p>Hittills har jag arbetat med s\u00e4kert 150 f\u00f6retag och organisationer och hj\u00e4lpt dem i deras arbete att s\u00f6ka, finna och sk\u00f6rda ber\u00e4ttelser och s\u00e4tta ber\u00e4ttelserna i arbete f\u00f6r att de ska bli framg\u00e5ngsrika i organisationsutveckling, ledarskap, rekrytering, s\u00e4lj och media- och \u00e4garrelationer.<\/p>\n<p>+++++++++++++++++++++++++++++++++++++++++++++++<\/p>\n<p>N\u00e4r jag b\u00f6rjade komma ig\u00e5ng med detta p\u00e5 allvar. Allts\u00e5 s\u00f6ka, finna, sk\u00f6rda och s\u00e4tta sanna ber\u00e4ttelser i arbete s\u00e5 ville de flesta ha hj\u00e4lp med att skriva sina stories i ett kortfattat format som skulle vara h\u00e4ndelsebaserat och lite anekdotiskt.<\/p>\n<p>En bit in p\u00e5 2000-talet ville de tr\u00e4na sig i att tala och framf\u00f6ra ber\u00e4ttelserna f\u00f6r att f\u00e5 ber\u00e4ttelserna i arbete. P\u00e5 senare \u00e5r har, mycket tack vare sociala medier, m\u00e5nga velat f\u00e5nga ber\u00e4ttelserna i korta videoformat. Jag brukar d\u00e5 s\u00e4rskilt rekommendera cirka 2 minuter oklippt och utan manus och sk\u00e5despelare. Inspelade ber\u00e4ttelser &#8211; r\u00e4tt av.<\/p>\n<p>Oavsett vilken eller vilka distributionsformer man v\u00e4ljer s\u00e5 \u00e4r f\u00f6rst\u00e5s inneh\u00e5llet \u2013 content som m\u00e5nga vill kallas det i dag \u2013 som \u00e4r helt avg\u00f6rande. Inte fr\u00e4mst hur du ber\u00e4ttar och genom vilka digitala kanaler, utan vad du ber\u00e4ttar och varf\u00f6r. Vilka ber\u00e4ttelser du samlar in och varf\u00f6r. Vilka ber\u00e4ttelser du bygger ur verkligheten. Man kan anv\u00e4nda alla kanaler.<\/p>\n<p>L\u00e5t organisationens ber\u00e4ttarkapital fl\u00f6da igenom allt. Inled m\u00f6ten med en story. Muntligt eller via laptop f\u00f6r att s\u00e4tta en relevant ton. V\u00e4lkomna de nyanst\u00e4llda med en relevant repertoar av varum\u00e4rkesst\u00f6djande ber\u00e4ttelser som bjuder in den nya medarbetaren i triben. Fyll inter- och intran\u00e4t med organisationsfolklore. Anv\u00e4nd ber\u00e4ttelserna i s\u00e4lj- och marknadsf\u00f6ring. Skriv.<\/p>\n<p>+++++++++++++++++++++++++++++++++++++++++++++++<\/p>\n<p>Jag skrev nyligen p\u00e5 storytellers.se om Volvos senaste reklamfilm Made by people och att den bekr\u00e4ftar att n\u00e4ringslivet ibland \u00e4r b\u00e4ttre p\u00e5 att hantera ber\u00e4ttelsen om Sverige \u00e4n vad politiken klarar. Se sj\u00e4lv l\u00e4nken till filmen p\u00e5 www.storytellers.se<\/p>\n<p>D\u00e5 kom jag ocks\u00e5 att t\u00e4nka p\u00e5 n\u00e4r jag vid n\u00e5gra tillf\u00e4llen var hos <strong>SSU<\/strong>, Socialdemokraternas ungdomsf\u00f6rbund p\u00e5 kursg\u00e5rden i <em>Bommersvik<\/em>. F\u00f6r s\u00e4kerhets skull vill jag h\u00e4r l\u00e4gga till att jag st\u00e5r oberoende fr\u00e5n politik och religion men att jag anlitats av ett flertal politiska och religi\u00f6sa organisationer i min egenskap av stoytellingexpert. Jag har ocks\u00e5 anlitats av ideella organisationer, myndigheter och svenska och internationella privata f\u00f6retag liksom exempelvis EU.<\/p>\n<p>Jag m\u00f6tte ungdomarna p\u00e5 SSU-kursen med fr\u00e5gan: Vad var det som h\u00e4nde? Hur hamnade du h\u00e4r p\u00e5 kurs hos SSU? De var mellan ny\u00e5r och trettonhelgen p\u00e5 en ungdomsombudsmannautbildning.<\/p>\n<p>Jag fick m\u00e5nga fantastiska \u00f6gonblicksbilder om bes\u00f6k hemma hos klasskamrater som visade sig leva i en milj\u00f6 som visade p\u00e5 en mis\u00e4r och el\u00e4nde och fick den blivande SSU:aren att vilja engagera sig. Kanske om en gammal farfar som talade om arbetarr\u00f6relsen och dess kamp f\u00f6r ett b\u00e4ttre samh\u00e4lle. Eller kanske bara en jakt efter gemenskap d\u00e5 n\u00e5gon sa: Kom till oss p\u00e5 SSU.<\/p>\n<p>+++++++++++++++++++++++++++++++++++++++++++++++<\/p>\n<p>S\u00e4rskilt starkt minns jag en pojke, d\u00e5 i 17-18-\u00e5rs\u00e5ldern, som ursprungligen tillh\u00f6rde en kristen familj i Irak men som tvingade fly med sin familj f\u00f6r att via Iran f\u00f6rs\u00f6ka ta sig till Europa.<\/p>\n<p>Pojken, l\u00e5t oss kalla honom <strong>Ali<\/strong>, var ungef\u00e4r 12-13 n\u00e4r de tagit sig fr\u00e5n Irak till Iran d\u00e4r hela familjen bodde i ett och samma rum som de hade hyrt. P\u00e5 dagarna var Ali och andra sm\u00e5pojkar ute och lekte och spelade boll p\u00e5 gatan. F\u00f6r\u00e4ldrarna arbetade med myndigheter och ambassader f\u00f6r att f\u00f6rs\u00f6ka ta sig till Europa som flyktingar.<\/p>\n<p>En dag fick Ali, i snacket p\u00e5 gatan, h\u00f6ra talas om att en kvinna skulle stenas i parken dagen d\u00e4rp\u00e5. De skulle gr\u00e4va fast henne och sedan skulle man f\u00e5 kasta sten p\u00e5 henne tills hon dog f\u00f6r att hon skulle ha gjort n\u00e5got man inte fick.<\/p>\n<p>Han och flera andra av pojkarna blev upphetsade. Wow, vad sp\u00e4nnande. Dit sticker vi i morgon!<\/p>\n<p>Han rusade upp till sin mamma och ber\u00e4ttade om vad de skulle g\u00f6ra i morgon. De skulle g\u00e5 p\u00e5 f\u00f6rest\u00e4llning. Det var v\u00e4rldens show i parken n\u00e4sta dag. Kvinnostening.<\/p>\n<p>Mamman blev iskall och utbrast:<\/p>\n<p>\u2013      Har du inte fattat n\u00e5gonting! Du l\u00e4mnar inte v\u00e5rt rum h\u00e4r i morgon. Du g\u00e5r inte \u00f6ver tr\u00f6skeln \u00f6verhuvudtaget.<\/p>\n<p>Ali blev alldeles tyst och f\u00f6rstod att detta var n\u00e5got speciellt. Han stannade inne dagen d\u00e4rp\u00e5 och missade d\u00e4rmed steningen av kvinnan i parken.<\/p>\n<p>N\u00e4sta dag, n\u00e4r steningen var f\u00f6rbi, gick Ali och hans fotbollskompisar fr\u00e5n gatan upp till parken f\u00f6r att titta. De s\u00e5g platsen d\u00e4r det hade h\u00e4nt. Marken var utsl\u00e4tad men man s\u00e5g sp\u00e5r av blod. Det k\u00e4ndes direkt att n\u00e5got fruktansv\u00e4rt hade h\u00e4nt.<\/p>\n<p>I det \u00f6gonblicket, n\u00e4r han stod d\u00e4r, gick Ali, som han sj\u00e4lv uttryckte det, fr\u00e5n barn till man. Skulle han n\u00e5gonsin komma till ett demokratiskt land med m\u00e4nskliga r\u00e4ttigheter s\u00e5 skulle han organisera sig f\u00f6r att bek\u00e4mpa detta barbariska beteende var helst i v\u00e4rlden det h\u00e4nde.<\/p>\n<p>Familjen fick m\u00f6jlighet att komma till Sverige. N\u00e4r han n\u00e5got \u00e5r senare hade l\u00e4rt sig svenska och f\u00e5tt svenska kompisar fr\u00e5gade han vart han dem var han kunde hitta ett politiskt ungdomsf\u00f6rbund som arbetade f\u00f6r m\u00e4nskliga r\u00e4ttigheter.<\/p>\n<p>N\u00e5gon sa SSU.<\/p>\n<p>\u2013      \u00ad\u00adD\u00e4rf\u00f6r \u00e4r jag h\u00e4r idag, konstaterade Ali inf\u00f6r mig och alla SSU:are p\u00e5 kursen.<\/p>\n<p>+++++++++++++++++++++++++++++++++++++++++++++++<\/p>\n<p>Det \u00e4r en politisk ber\u00e4ttelse h\u00e4mtad fr\u00e5n verkligheten i dag som kanske passar b\u00e4ttre p\u00e5 dagens unga \u00e4n 100 \u00e5r gamla ber\u00e4ttelser fr\u00e5n arbetarr\u00f6relsen ungdom eller till och med den nationella ber\u00e4ttelsen om hur statsminister Per Albin Hansson f\u00f6r 80-\u00e5r sedan sa att i Folkhemmet finns inga kelgrisar eller styvbarn.<\/p>\n<p>Att jag i dag tog upp detta tema beror p\u00e5 att det p\u00e5 senare \u00e5r n\u00e4san tjatas om att politiken beh\u00f6ver nya ber\u00e4ttelser relevanta i samtiden. Jag inledde det h\u00e4r nyhetsbrevet med att reflektera \u00f6ver att kanske till och med Volvo \u00e4r b\u00e4ttre p\u00e5 detta \u00e4n vad politiken \u00e4r.<\/p>\n<p>+++++++++++++++++++++++++++++++++++++++++++++++<br \/>\nDessa fr\u00e5gor kommer vi att bland annat att diskutera p\u00e5 2-dagarskursen jag har n\u00e4sta vecka inom Storytelling\/Storylistening och dess inneh\u00e5ll. Det finns visst plats f\u00f6r n\u00e5gon till. Kolla l\u00e4nkar p\u00e5 storytellers.se<\/p>\n<p>Jag som skrev detta heter allts\u00e5 Matts Heijbel. Vill du inte vara med s\u00e5 kan du g\u00e5 ur via unsubscribe eller helt enkelt v\u00e4nda nyhetsbrevet med ett Nej Tack s\u00e5 tar vi bort dig.<\/p>\n<p>Vill du komma p\u00e5 en gratis inspirationsf\u00f6rel\u00e4sning hos mig p\u00e5 S\u00f6dermalm i Stockholm s\u00e5 \u00e4r n\u00e4sta tillf\u00e4lle 24 februari mellan klockan 13.15 och 14.30. Vi b\u00f6rjar med lite mingel sen ber\u00e4ttar jag i en timme. Vill du komma s\u00e5 mejla matts@storytellers.se med rubriken 24 februari och s\u00e4g vem du \u00e4r och varf\u00f6r du vill komma s\u00e5 \u00e5terkommer jag med detaljer.<\/p>\n<p>H\u00e4lsningar<\/p>\n<p>Matts Heijbel<br \/>\nStockholm \/ Gr\u00f6dinge<br \/>\n3 februari 2016<\/p>\n","protected":false},"excerpt":{"rendered":"<p>Detta \u00e4r det etthundraf\u00f6rsta nyhetsbrevet fr\u00e5n storytellers.se vilket inneb\u00e4r att det blivit en del genom \u00e5ren. Jag som skrivit alla dessa heter Matts Heijbel. Jag \u00e4r utbildad socialantropolog och \u00e4ven utbildad journalist och har arbetat som f\u00f6rfattare och journalist i m\u00e5nga \u00e5r innan jag f\u00f6r ett femtontal \u00e5r sedan kom in i det som internationellt&#8230;<\/p>\n","protected":false},"author":2,"featured_media":0,"comment_status":"open","ping_status":"open","sticky":false,"template":"","format":"standard","meta":[],"categories":[8],"tags":[],"_links":{"self":[{"href":"https:\/\/storytellers.se\/index.php?rest_route=\/wp\/v2\/posts\/4567"}],"collection":[{"href":"https:\/\/storytellers.se\/index.php?rest_route=\/wp\/v2\/posts"}],"about":[{"href":"https:\/\/storytellers.se\/index.php?rest_route=\/wp\/v2\/types\/post"}],"author":[{"embeddable":true,"href":"https:\/\/storytellers.se\/index.php?rest_route=\/wp\/v2\/users\/2"}],"replies":[{"embeddable":true,"href":"https:\/\/storytellers.se\/index.php?rest_route=%2Fwp%2Fv2%2Fcomments&post=4567"}],"version-history":[{"count":0,"href":"https:\/\/storytellers.se\/index.php?rest_route=\/wp\/v2\/posts\/4567\/revisions"}],"wp:attachment":[{"href":"https:\/\/storytellers.se\/index.php?rest_route=%2Fwp%2Fv2%2Fmedia&parent=4567"}],"wp:term":[{"taxonomy":"category","embeddable":true,"href":"https:\/\/storytellers.se\/index.php?rest_route=%2Fwp%2Fv2%2Fcategories&post=4567"},{"taxonomy":"post_tag","embeddable":true,"href":"https:\/\/storytellers.se\/index.php?rest_route=%2Fwp%2Fv2%2Ftags&post=4567"}],"curies":[{"name":"wp","href":"https:\/\/api.w.org\/{rel}","templated":true}]}}