{"id":4564,"date":"2016-02-02T14:23:07","date_gmt":"2016-02-02T13:23:07","guid":{"rendered":"http:\/\/storytellers.se\/?p=4564"},"modified":"2016-02-02T14:23:07","modified_gmt":"2016-02-02T13:23:07","slug":"det-internationella-folkhemmet","status":"publish","type":"post","link":"https:\/\/storytellers.se\/?p=4564","title":{"rendered":"Det internationella folkhemmet"},"content":{"rendered":"<p>Volvos reklamfilm <em>Made by people<\/em> \u00e4r en ber\u00e4ttelse som bygger visioner och sj\u00e4lvk\u00e4nsla. Som Aftonbladets frist\u00e5ende kolumnist <strong>Katrine Mar\u00e7al<\/strong> undrade p\u00e5 ledarsidan f\u00f6r en tid sedan varf\u00f6r inte socialdemokratin kan f\u00e5 ihop en ber\u00e4ttelse p\u00e5 3-4 minuter som Volvo med sin reklambyr\u00e5 lyckas ber\u00e4tta om dagens Sverige. Sammanh\u00e5llning, stolthet.<\/p>\n<p>I grund och botten, skriver  Mar\u00e7al, adresserar Volvos film som skapats av Forsman &amp; Bodenfors b\u00e5de mots\u00e4ttningar och v\u00e4gen f\u00f6rbi dem. I kontrast till S-ledningen undanglidande svar efter de d\u00e5liga opinionssiffrorna. Politiken beh\u00f6ver f\u00f6rst\u00e5s b\u00e4ttre ber\u00e4ttelser och de b\u00e4sta ber\u00e4ttelserna vinner d\u00e5 slaget om framtiden.<\/p>\n<p>Den h\u00e4r g\u00e5ngen har man satt de egna medarbetarna i centrum. De egna kulturb\u00e4rarna. Inte en k\u00e4ndis \u00e4r med.<\/p>\n<p>H\u00e4r \u00e4r filmen:<\/p>\n<p><iframe loading=\"lazy\" title=\"Volvo - Made By People\" width=\"700\" height=\"394\" src=\"https:\/\/www.youtube.com\/embed\/DUDx6NEqdJQ?feature=oembed\" frameborder=\"0\" allow=\"accelerometer; autoplay; clipboard-write; encrypted-media; gyroscope; picture-in-picture; web-share\" allowfullscreen><\/iframe><\/p>\n","protected":false},"excerpt":{"rendered":"<p>Volvos reklamfilm Made by people \u00e4r en ber\u00e4ttelse som bygger visioner och sj\u00e4lvk\u00e4nsla. Som Aftonbladets frist\u00e5ende kolumnist Katrine Mar\u00e7al undrade p\u00e5 ledarsidan f\u00f6r en tid sedan varf\u00f6r inte socialdemokratin kan f\u00e5 ihop en ber\u00e4ttelse p\u00e5 3-4 minuter som Volvo med sin reklambyr\u00e5 lyckas ber\u00e4tta om dagens Sverige. Sammanh\u00e5llning, stolthet. I grund och botten, skriver Mar\u00e7al,&#8230;<\/p>\n","protected":false},"author":2,"featured_media":0,"comment_status":"open","ping_status":"open","sticky":false,"template":"","format":"standard","meta":[],"categories":[2],"tags":[],"_links":{"self":[{"href":"https:\/\/storytellers.se\/index.php?rest_route=\/wp\/v2\/posts\/4564"}],"collection":[{"href":"https:\/\/storytellers.se\/index.php?rest_route=\/wp\/v2\/posts"}],"about":[{"href":"https:\/\/storytellers.se\/index.php?rest_route=\/wp\/v2\/types\/post"}],"author":[{"embeddable":true,"href":"https:\/\/storytellers.se\/index.php?rest_route=\/wp\/v2\/users\/2"}],"replies":[{"embeddable":true,"href":"https:\/\/storytellers.se\/index.php?rest_route=%2Fwp%2Fv2%2Fcomments&post=4564"}],"version-history":[{"count":0,"href":"https:\/\/storytellers.se\/index.php?rest_route=\/wp\/v2\/posts\/4564\/revisions"}],"wp:attachment":[{"href":"https:\/\/storytellers.se\/index.php?rest_route=%2Fwp%2Fv2%2Fmedia&parent=4564"}],"wp:term":[{"taxonomy":"category","embeddable":true,"href":"https:\/\/storytellers.se\/index.php?rest_route=%2Fwp%2Fv2%2Fcategories&post=4564"},{"taxonomy":"post_tag","embeddable":true,"href":"https:\/\/storytellers.se\/index.php?rest_route=%2Fwp%2Fv2%2Ftags&post=4564"}],"curies":[{"name":"wp","href":"https:\/\/api.w.org\/{rel}","templated":true}]}}