{"id":4562,"date":"2016-01-22T10:48:01","date_gmt":"2016-01-22T09:48:01","guid":{"rendered":"http:\/\/storytellers.se\/?p=4562"},"modified":"2016-01-22T10:48:01","modified_gmt":"2016-01-22T09:48:01","slug":"storytellingkurs-2-dagar-i-februari","status":"publish","type":"post","link":"https:\/\/storytellers.se\/?p=4562","title":{"rendered":"Storytellingkurs 2 dagar i februari"},"content":{"rendered":"<p>I samarbete med Talentum h\u00e5ller jag en kurs i Storytelling och dess betydelse i content den 9-10 februari i Stockholm. Min bok <strong>Storytelling befolkar varum\u00e4rket<\/strong> ing\u00e5r som grundmaterial. <a href=\"http:\/\/talentumevents.se\/storytelling-storylistening\/\">H\u00e4r finns info<\/a> och m\u00f6jlighet att anm\u00e4la sig. Vill du fr\u00e5ga n\u00e5got s\u00e5  kan du kontakta mig p\u00e5 matts@storytellers.se<\/p>\n","protected":false},"excerpt":{"rendered":"<p>I samarbete med Talentum h\u00e5ller jag en kurs i Storytelling och dess betydelse i content den 9-10 februari i Stockholm. Min bok Storytelling befolkar varum\u00e4rket ing\u00e5r som grundmaterial. H\u00e4r finns info och m\u00f6jlighet att anm\u00e4la sig. Vill du fr\u00e5ga n\u00e5got s\u00e5 kan du kontakta mig p\u00e5 matts@storytellers.se<\/p>\n","protected":false},"author":2,"featured_media":0,"comment_status":"open","ping_status":"open","sticky":false,"template":"","format":"standard","meta":[],"categories":[9],"tags":[],"_links":{"self":[{"href":"https:\/\/storytellers.se\/index.php?rest_route=\/wp\/v2\/posts\/4562"}],"collection":[{"href":"https:\/\/storytellers.se\/index.php?rest_route=\/wp\/v2\/posts"}],"about":[{"href":"https:\/\/storytellers.se\/index.php?rest_route=\/wp\/v2\/types\/post"}],"author":[{"embeddable":true,"href":"https:\/\/storytellers.se\/index.php?rest_route=\/wp\/v2\/users\/2"}],"replies":[{"embeddable":true,"href":"https:\/\/storytellers.se\/index.php?rest_route=%2Fwp%2Fv2%2Fcomments&post=4562"}],"version-history":[{"count":0,"href":"https:\/\/storytellers.se\/index.php?rest_route=\/wp\/v2\/posts\/4562\/revisions"}],"wp:attachment":[{"href":"https:\/\/storytellers.se\/index.php?rest_route=%2Fwp%2Fv2%2Fmedia&parent=4562"}],"wp:term":[{"taxonomy":"category","embeddable":true,"href":"https:\/\/storytellers.se\/index.php?rest_route=%2Fwp%2Fv2%2Fcategories&post=4562"},{"taxonomy":"post_tag","embeddable":true,"href":"https:\/\/storytellers.se\/index.php?rest_route=%2Fwp%2Fv2%2Ftags&post=4562"}],"curies":[{"name":"wp","href":"https:\/\/api.w.org\/{rel}","templated":true}]}}