{"id":4555,"date":"2016-01-15T12:37:42","date_gmt":"2016-01-15T11:37:42","guid":{"rendered":"http:\/\/storytellers.se\/?p=4555"},"modified":"2016-01-15T12:37:42","modified_gmt":"2016-01-15T11:37:42","slug":"hela-fabriken-berattade-hos-stora-enso","status":"publish","type":"post","link":"https:\/\/storytellers.se\/?p=4555","title":{"rendered":"Hela fabriken ber\u00e4ttade hos Stora Enso"},"content":{"rendered":"<p>Ber\u00e4ttelser b\u00e4r kulturen och v\u00e4rderingarna och det \u00e4r d\u00e4rf\u00f6r en naturlag att ber\u00e4ttelser finns \u00f6verallt, \u00e4ven i organisationer och f\u00f6retag. Om ber\u00e4ttandet tystnar d\u00f6r kulturen. Om ber\u00e4ttelserna stimuleras st\u00e4rks kulturen.<\/p>\n<p>N\u00e4r f\u00f6r\u00e4ndring \u00e4r n\u00f6dv\u00e4ndig kan man ha hj\u00e4lp av att, ut\u00f6ver strategiska analyser, ber\u00e4tta sig in i framtiden med hj\u00e4lp om <em>vad vi var, var vi \u00e4r och vart vi vill komma<\/em>.<\/p>\n<p><a href=\"https:\/\/heijbel.files.wordpress.com\/2016\/01\/2016-01-12-12-29-28.jpg\" rel=\"attachment wp-att-4549\"><img decoding=\"async\" loading=\"lazy\" src=\"https:\/\/heijbel.files.wordpress.com\/2016\/01\/2016-01-12-12-29-28.jpg?w=225\" alt=\"2016-01-12 12.29.28\" width=\"225\" height=\"300\" class=\"alignnone size-medium wp-image-4549\" \/><\/a><\/p>\n<p><em>Stora Ensokoncernen<\/em> st\u00e5r inf\u00f6r enorma utmaningar n\u00e4r efterfr\u00e5gan p\u00e5 papper globalt minskar dramatiskt. Avg\u00f6rande f\u00f6r\u00e4ndringar har det urgamla f\u00f6retaget varit med om tidigare. Man m\u00e5ste hela tiden t\u00e4nka om, t\u00e4nka nytt. D\u00e5 f\u00e5r man h\u00e4mta kraft i det f\u00f6rflutna ( <em>&#8221;vi har st\u00e4llt om f\u00f6rut&#8221;<\/em> ) och bygga visioner om framtiden. Det kommer koncernen att klara men de enheterna som visar de starkaste ber\u00e4ttelserna har b\u00e4sta f\u00f6ruts\u00e4ttningarna att mobilisera, st\u00e4lla om, \u00f6verleva och st\u00e4rka den samlade kulturen.<\/p>\n<p>I v\u00e5ras och i somras arbetade jag med <em>Stora Enso i Hyltebruk<\/em>. Vi b\u00f6rjade med att utbilda ett 40-tal bordsv\u00e4rdar som senare blev storysk\u00f6rdsansvariga hos n\u00e4rmare 500 medarbetare. F\u00f6retaget samlade hela fabriken f\u00f6r att under min ledning och med hj\u00e4lp av de utbildade bordsv\u00e4rdarna genomf\u00f6ra en fantastisk sk\u00f6rdefest.<\/p>\n<p>Under en dag s\u00f6kte vi, sk\u00f6rdade och spelade in ber\u00e4ttelser om h\u00e4ndelser som visade andan och kulturen i pappersbruket. Det var skratt, t\u00e5rar och appl\u00e5der och senare p\u00e5 kv\u00e4llen blev det fullt drag p\u00e5 dansgolvet i Tyl\u00f6sand.<\/p>\n<p>I <strong>Corporate Storytelling<\/strong> \u00e4r inneh\u00e5llet (content) allt. Spridning och l\u00e4gereldar \u00e4r f\u00f6rst\u00e5s distribution som beh\u00f6ver sin strategi. Kallar man det digital strategi s\u00e5 \u00e4r det f\u00f6rst\u00e5s en m\u00e5lgrupps\u00f6kande tanke och en n\u00f6dv\u00e4ndig plan f\u00f6r att uppn\u00e5 dialog. Men allt kr\u00e4ver f\u00f6rst\u00e5s inneh\u00e5ll.<\/p>\n<p>F\u00f6ljaktligen sprids ber\u00e4ttelserna muntligt, digitalt via olika sociala media men nu ocks\u00e5 i printad bokform som gjorde att alla cirka 500 anst\u00e4llda fick boken om dem sj\u00e4lva ber\u00e4tta av dem sj\u00e4lva i julklapp. Det \u00e4r vad Stora Enso i Hyltebruk har gjort.<\/p>\n<p><a href=\"https:\/\/heijbel.files.wordpress.com\/2016\/01\/2016-01-15-11-04-11.jpg\" rel=\"attachment wp-att-4554\"><img decoding=\"async\" loading=\"lazy\" src=\"https:\/\/heijbel.files.wordpress.com\/2016\/01\/2016-01-15-11-04-11.jpg?w=300\" alt=\"2016-01-15 11.04.11\" width=\"300\" height=\"225\" class=\"alignnone size-medium wp-image-4554\" \/><\/a><\/p>\n<p>H\u00e4r finns den exempelvis den fantastiska ber\u00e4telsen om Gusten som sitter i v\u00e4ggarna. Som storytellingss\u00f6kande sk\u00f6rdare \u00e4r detta ett fynd. Vad menar man med att n\u00e5got sitter i v\u00e4ggarna?<\/p>\n<p><a href=\"https:\/\/heijbel.files.wordpress.com\/2016\/01\/2016-01-12-12-33-031.jpg\" rel=\"attachment wp-att-4553\"><img decoding=\"async\" loading=\"lazy\" src=\"https:\/\/heijbel.files.wordpress.com\/2016\/01\/2016-01-12-12-33-031.jpg?w=225\" alt=\"2016-01-12 12.33.03\" width=\"225\" height=\"300\" class=\"alignnone size-medium wp-image-4553\" \/><\/a><\/p>\n<p>Ibland f\u00e5r jag fr\u00e5gan om min metod fungerar i industrimilj\u00f6er. Klart det g\u00f6r, svarar jag. Alla m\u00e4nskliga sammanhang b\u00e4rs av ber\u00e4ttelserna och de finns d\u00e4r. Sen g\u00e4ller det att s\u00f6ka, finna, sk\u00f6rda och s\u00e4tta ber\u00e4ttelserna i arbete. Muntligt, tryckt, digitalt till exempel via alla miljarder l\u00e4gereldar som sv\u00e4var \u00f6ver oss i cyberspace.<\/p>\n","protected":false},"excerpt":{"rendered":"<p>Ber\u00e4ttelser b\u00e4r kulturen och v\u00e4rderingarna och det \u00e4r d\u00e4rf\u00f6r en naturlag att ber\u00e4ttelser finns \u00f6verallt, \u00e4ven i organisationer och f\u00f6retag. Om ber\u00e4ttandet tystnar d\u00f6r kulturen. Om ber\u00e4ttelserna stimuleras st\u00e4rks kulturen. N\u00e4r f\u00f6r\u00e4ndring \u00e4r n\u00f6dv\u00e4ndig kan man ha hj\u00e4lp av att, ut\u00f6ver strategiska analyser, ber\u00e4tta sig in i framtiden med hj\u00e4lp om vad vi var, var&#8230;<\/p>\n","protected":false},"author":2,"featured_media":0,"comment_status":"open","ping_status":"open","sticky":false,"template":"","format":"standard","meta":[],"categories":[4],"tags":[],"_links":{"self":[{"href":"https:\/\/storytellers.se\/index.php?rest_route=\/wp\/v2\/posts\/4555"}],"collection":[{"href":"https:\/\/storytellers.se\/index.php?rest_route=\/wp\/v2\/posts"}],"about":[{"href":"https:\/\/storytellers.se\/index.php?rest_route=\/wp\/v2\/types\/post"}],"author":[{"embeddable":true,"href":"https:\/\/storytellers.se\/index.php?rest_route=\/wp\/v2\/users\/2"}],"replies":[{"embeddable":true,"href":"https:\/\/storytellers.se\/index.php?rest_route=%2Fwp%2Fv2%2Fcomments&post=4555"}],"version-history":[{"count":0,"href":"https:\/\/storytellers.se\/index.php?rest_route=\/wp\/v2\/posts\/4555\/revisions"}],"wp:attachment":[{"href":"https:\/\/storytellers.se\/index.php?rest_route=%2Fwp%2Fv2%2Fmedia&parent=4555"}],"wp:term":[{"taxonomy":"category","embeddable":true,"href":"https:\/\/storytellers.se\/index.php?rest_route=%2Fwp%2Fv2%2Fcategories&post=4555"},{"taxonomy":"post_tag","embeddable":true,"href":"https:\/\/storytellers.se\/index.php?rest_route=%2Fwp%2Fv2%2Ftags&post=4555"}],"curies":[{"name":"wp","href":"https:\/\/api.w.org\/{rel}","templated":true}]}}