{"id":4545,"date":"2016-01-12T15:16:02","date_gmt":"2016-01-12T14:16:02","guid":{"rendered":"http:\/\/storytellers.se\/?p=4545"},"modified":"2016-01-12T15:16:02","modified_gmt":"2016-01-12T14:16:02","slug":"kurs-seminarium-och-lite-branson","status":"publish","type":"post","link":"https:\/\/storytellers.se\/?p=4545","title":{"rendered":"Kurs, seminarium och lite Branson"},"content":{"rendered":"<p>Nyhetsbrev 100:<\/p>\n<p>Hej Storytellerv\u00e4n<\/p>\n<p>S\u00e5 var det dags f\u00f6r det hundrade nyhetsbrevet fr\u00e5n <em>Storytellers<\/em>. Jag som har skrivit alla dessa brev heter <strong>Matts Heijbel <\/strong>och du f\u00e5r det f\u00f6r att du bett om det eller f\u00f6r att vi har haft med varandra att g\u00f6ra professionellt.<\/p>\n<p>L\u00e4ngst ned i det h\u00e4r nyhetsbrevet f\u00e5r du tips om en tv\u00e5dagarsutbildning en bit in i februari. Jag bjuder ocks\u00e5, innan dess, till ett kostnasfritt entimmasseminarium om du bara skulle vilja ha en liten dusch fr\u00e5n storytellingens fantastiska v\u00e4rld.<\/p>\n<p>+++++++++++++++++++++++++++++++++++++++++++++++++++<\/p>\n<p>Jag tjatar hela tiden envist om att det viktigaste \u00e4r <strong>vad <\/strong>man ber\u00e4ttar och <strong>vilka<\/strong> ber\u00e4ttelser man s\u00f6ker och traderar n\u00e4r man odlar sitt varum\u00e4rke. Strategier \u00e4r f\u00f6rst\u00e5s bra och n\u00f6dv\u00e4ndiga men det \u00e4r f\u00f6rst n\u00e4r man fyller dem med meningsfullt inneh\u00e5ll som man kommer in p\u00e5 det som kan stoppas under den kreativa rubriken Corporate Storytelling.<\/p>\n<p>+++++++++++++++++++++++++++++++++++++++++++++++++++<\/p>\n<p>Sedan har f\u00f6rst\u00e5s dessa ber\u00e4ttelser olika uppdrag och olika distributionsv\u00e4gar. P\u00e5 senare \u00e5r har m\u00e5nga av mina uppdrag till exempel dragit \u00e5t employer branding och arbetsgivarvarum\u00e4rket.<\/p>\n<p>Hur kan man f\u00e5 medarbetare att vilja vara b\u00e4rare av de ber\u00e4ttelser som beh\u00f6vs f\u00f6r att f\u00f6rst befolka flocken under varum\u00e4rket och sedan bli lyssnade p\u00e5 och \u00f6vertyga kunderna och klienterna om att det kan vara bra att bygga en relation kring varorna och tj\u00e4nsterna som finns.<\/p>\n<p>Och var hittar man d\u00e5 dessa ber\u00e4ttelser?<\/p>\n<p>Det finns svar p\u00e5 detta och h\u00e4r beh\u00f6vs f\u00f6rst\u00e5s strategier. Men om man utg\u00e5r fr\u00e5n arbetgivar\/employer-branding-perspektivet s\u00e5 ligger det nog en del i det som <strong>Richard Branson h\u00e4vdar<\/strong>:<\/p>\n<p><em>Det \u00e4r inte sj\u00e4lvklart att det \u00e4r kunderna som kommer i f\u00f6rsta hand f\u00f6r en verksamhet utan i grunden \u00e4r det de som ska ta hand om och bygga relation till kunderna. Det vill s\u00e4ga medarbetarna.<\/em><\/p>\n<p>+++++++++++++++++++++++++++++++++++++++++++++++++++<\/p>\n<p>Sj\u00e4lvklart kan storytellinginstrumentet kalibreras p\u00e5 en m\u00e4ngd olika s\u00e4tt. Ibland \u00e4r det rena s\u00e4ljber\u00e4ttelser, ibland \u00e4r det ber\u00e4ttelser som anv\u00e4nds f\u00f6r att st\u00e4rka ledarskapet, ibland \u00e4r det ber\u00e4ttelser som v\u00e4nder sig till \u00e4gare och investorer, ibland \u00e4r det kompetensh\u00f6jande och kompetensbytande ber\u00e4ttelser. Och s\u00e5 vidare.<\/p>\n<p>H\u00e4r beh\u00f6vs d\u00e4rf\u00f6r alltid en klar id\u00e9 och strategi hur man ska hantera kulturkapitalet innan man fyller teorin med sanna ber\u00e4ttelser sk\u00f6rdade fr\u00e5n den verklighet vi delar. Rita allts\u00e5 kartan men ingenting har f\u00f6rst\u00e5s h\u00e4nt f\u00f6rr\u00e4n det hela fylls p\u00e5 med inneh\u00e5ll som visar var vi kommer ifr\u00e5n, var vi befinner oss och vart vi \u00e4r p\u00e5 v\u00e4g.<\/p>\n<p>+++++++++++++++++++++++++++++++++++++++++++++++++++<\/p>\n<p>N\u00e5gon sa att man ska fylla sin kommunikation med ber\u00e4ttelser och d\u00e4refter kan man betrakta dessa ber\u00e4ttelser som att man vill bjuda upp till en date.<\/p>\n<p>+++++++++++++++++++++++++++++++++++++++++++++++++++<\/p>\n<p>N\u00e4r jag f\u00f6r en tid sedan arbetade med Sj\u00f6fartsverkets ber\u00e4ttarprojekt som bland annat resulterat i en bok full med stories och en repertoar med filmer enligt <em>Heijbelmodellen<\/em> tog de med mig ut till en bl\u00e5sig varvsmilj\u00f6 p\u00e5 Djurg\u00e5rden och bad mig ber\u00e4tta om ber\u00e4ttande i och om organisationer.<\/p>\n<p>Det gjorde jag s\u00e5 <a href=\"http:\/\/storytellers.se\/2016\/01\/07\/jag-berattar-har-om-storytelling\/\">h\u00e4r<\/a><\/p>\n<p>+++++++++++++++++++++++++++++++++++++++++++++++++++<\/p>\n<p>Vill du komma p\u00e5 ett kort kostnadsfritt seminarium om mina erfarenheter \u00e4r du h\u00e4r med inbjuden till mig p\u00e5 K22, Krukmakargatan 22, p\u00e5 S\u00f6der i Stockholm. N\u00e4sta chans \u00e4r den 26 januari kl 13.15 \u2013 14.30. Vi b\u00f6rjar med lite sm\u00e5snack innan vi drar ig\u00e5ng n\u00e4r alla har kommit. Anm\u00e4l dig i s\u00e5 fall till matts@storytellers.se och s\u00e4g vem du \u00e4r och varf\u00f6r du vill komma.<\/p>\n<p>Vill du g\u00e5 en mer rej\u00e4l utbildning kring Storytelling \/ Storylistening s\u00e5 finns det exempelvis ett tillf\u00e4lle den 9-10 februari i Stockholm d\u00e5 Talentum Events har anlitat mig f\u00f6r en s\u00e5dan utbildning. <a href=\"http:\/\/talentumevents.se\/storytelling-storylistening\/\">L\u00e4s mer h\u00e4r om plats, pris, anm\u00e4lning med mera<\/a>:<br \/>\n+++++++++++++++++++++++++++++++++++++++++++++++++++<\/p>\n<p>Jag som skriver detta och allt annat som kommer fr\u00e5n storytellers.se heter allts\u00e5 Matts Heijbel. Jag har arbetat med de h\u00e4r perspektiven sen slutat av 90-talet och har bland annat skrivit boken: Storytelling befolkar varum\u00e4rket som finns i bokhandeln.<\/p>\n<p>Jag vill sluta med ett par av mina korta \u201dsanningar\u201d som jag fomulerar i boken f\u00f6rutom att jag ger hundratals storyexempel och praktiska tips &amp; r\u00e5d kring det h\u00e4r speciella  kultur- och kommunikationsperspektivet:<\/p>\n<p><em>\u201dOm lyssnaren inte tycker ber\u00e4ttelsen \u00e4r trov\u00e4rdig fungerar den f\u00f6rst\u00e5s inte\u201d<\/p>\n<p>\u201dFans och evangelister kan bli kan bli ambassad\u00f6rer n\u00e4r snacket g\u00e5r\u201d<\/p>\n<p>\u201dBer\u00e4ttelsen ska r\u00f6ra vid n\u00e5got och leda till handlingar\u201d<\/p>\n<p>\u201dDelta i bruset i sociala media. Snacket g\u00e5r ju d\u00e4r ute hur som helst\u201d<br \/>\n<\/em><br \/>\nTack f\u00f6r denna g\u00e5ng.<\/p>\n<p>Stockholm \/ Gr\u00f6dinge 12 januari 2016<\/p>\n<p>h\u00e4lsar<\/p>\n<p>Matts Heijbel<\/p>\n","protected":false},"excerpt":{"rendered":"<p>Nyhetsbrev 100: Hej Storytellerv\u00e4n S\u00e5 var det dags f\u00f6r det hundrade nyhetsbrevet fr\u00e5n Storytellers. Jag som har skrivit alla dessa brev heter Matts Heijbel och du f\u00e5r det f\u00f6r att du bett om det eller f\u00f6r att vi har haft med varandra att g\u00f6ra professionellt. L\u00e4ngst ned i det h\u00e4r nyhetsbrevet f\u00e5r du tips om&#8230;<\/p>\n","protected":false},"author":2,"featured_media":0,"comment_status":"open","ping_status":"open","sticky":false,"template":"","format":"standard","meta":[],"categories":[8],"tags":[],"_links":{"self":[{"href":"https:\/\/storytellers.se\/index.php?rest_route=\/wp\/v2\/posts\/4545"}],"collection":[{"href":"https:\/\/storytellers.se\/index.php?rest_route=\/wp\/v2\/posts"}],"about":[{"href":"https:\/\/storytellers.se\/index.php?rest_route=\/wp\/v2\/types\/post"}],"author":[{"embeddable":true,"href":"https:\/\/storytellers.se\/index.php?rest_route=\/wp\/v2\/users\/2"}],"replies":[{"embeddable":true,"href":"https:\/\/storytellers.se\/index.php?rest_route=%2Fwp%2Fv2%2Fcomments&post=4545"}],"version-history":[{"count":0,"href":"https:\/\/storytellers.se\/index.php?rest_route=\/wp\/v2\/posts\/4545\/revisions"}],"wp:attachment":[{"href":"https:\/\/storytellers.se\/index.php?rest_route=%2Fwp%2Fv2%2Fmedia&parent=4545"}],"wp:term":[{"taxonomy":"category","embeddable":true,"href":"https:\/\/storytellers.se\/index.php?rest_route=%2Fwp%2Fv2%2Fcategories&post=4545"},{"taxonomy":"post_tag","embeddable":true,"href":"https:\/\/storytellers.se\/index.php?rest_route=%2Fwp%2Fv2%2Ftags&post=4545"}],"curies":[{"name":"wp","href":"https:\/\/api.w.org\/{rel}","templated":true}]}}