{"id":4539,"date":"2016-01-07T09:42:55","date_gmt":"2016-01-07T08:42:55","guid":{"rendered":"http:\/\/storytellers.se\/?p=4539"},"modified":"2016-01-07T09:42:55","modified_gmt":"2016-01-07T08:42:55","slug":"jag-berattar-har-om-storytelling","status":"publish","type":"post","link":"https:\/\/storytellers.se\/?p=4539","title":{"rendered":"Jag ber\u00e4ttar h\u00e4r om Storytelling"},"content":{"rendered":"<p>N\u00e4r jag arbetade med Sj\u00f6fartsverket tog de mig till Djurg\u00e5rden, satte kameran p\u00e5 mig och bad mig ber\u00e4tta om ber\u00e4ttandet. Jag talar direkt till dem och ger tips och \u00e4ven exempel fr\u00e5n andra organisationer, bland annat den fantastiska ber\u00e4ttelsen om undersk\u00f6terskan i Malm\u00f6:<\/p>\n<p><a href=\"https:\/\/vimeo.com\/88647118\">H\u00e4r \u00e4r den filmsnutten<\/a><\/p>\n","protected":false},"excerpt":{"rendered":"<p>N\u00e4r jag arbetade med Sj\u00f6fartsverket tog de mig till Djurg\u00e5rden, satte kameran p\u00e5 mig och bad mig ber\u00e4tta om ber\u00e4ttandet. Jag talar direkt till dem och ger tips och \u00e4ven exempel fr\u00e5n andra organisationer, bland annat den fantastiska ber\u00e4ttelsen om undersk\u00f6terskan i Malm\u00f6: H\u00e4r \u00e4r den filmsnutten<\/p>\n","protected":false},"author":2,"featured_media":0,"comment_status":"open","ping_status":"open","sticky":false,"template":"","format":"standard","meta":[],"categories":[3],"tags":[],"_links":{"self":[{"href":"https:\/\/storytellers.se\/index.php?rest_route=\/wp\/v2\/posts\/4539"}],"collection":[{"href":"https:\/\/storytellers.se\/index.php?rest_route=\/wp\/v2\/posts"}],"about":[{"href":"https:\/\/storytellers.se\/index.php?rest_route=\/wp\/v2\/types\/post"}],"author":[{"embeddable":true,"href":"https:\/\/storytellers.se\/index.php?rest_route=\/wp\/v2\/users\/2"}],"replies":[{"embeddable":true,"href":"https:\/\/storytellers.se\/index.php?rest_route=%2Fwp%2Fv2%2Fcomments&post=4539"}],"version-history":[{"count":0,"href":"https:\/\/storytellers.se\/index.php?rest_route=\/wp\/v2\/posts\/4539\/revisions"}],"wp:attachment":[{"href":"https:\/\/storytellers.se\/index.php?rest_route=%2Fwp%2Fv2%2Fmedia&parent=4539"}],"wp:term":[{"taxonomy":"category","embeddable":true,"href":"https:\/\/storytellers.se\/index.php?rest_route=%2Fwp%2Fv2%2Fcategories&post=4539"},{"taxonomy":"post_tag","embeddable":true,"href":"https:\/\/storytellers.se\/index.php?rest_route=%2Fwp%2Fv2%2Ftags&post=4539"}],"curies":[{"name":"wp","href":"https:\/\/api.w.org\/{rel}","templated":true}]}}