{"id":4517,"date":"2015-12-12T10:56:17","date_gmt":"2015-12-12T09:56:17","guid":{"rendered":"http:\/\/storytellers.se\/?p=4517"},"modified":"2015-12-12T10:56:17","modified_gmt":"2015-12-12T09:56:17","slug":"borja-med-slutet","status":"publish","type":"post","link":"https:\/\/storytellers.se\/?p=4517","title":{"rendered":"B\u00f6rja med slutet!"},"content":{"rendered":"<p>Jag var f\u00f6r n\u00e5gra dagar sedan inbjuden till Warszawa som storytellerpropagandist och kanske rent av provakt\u00f6r n\u00e4r polska regeringen stod som v\u00e4rd f\u00f6r \u00d6stersj\u00f6seminarier under rubriken <em>Positiv Change in the Baltic Sea Region<\/em>. Representanter f\u00f6r de 8 l\u00e4nderna kring \u00d6stersj\u00f6n rapporterade om olika projekt och insatser.<\/p>\n<p>Jag sa till de f\u00f6rsamlade att de m\u00e5ste befolka sina presentationer och visa att de k\u00e4nner n\u00e5got inf\u00f6r det de g\u00f6r. Utan ber\u00e4ttelser finns man n\u00e4mligen inte.<\/p>\n<p>Det som slog mig n\u00e4r rader av EU-byr\u00e5krater hade h\u00f6gl\u00e4sning fr\u00e5n sina Power Points \u00e4r att det enda begripliga de s\u00e4ger ofta kommer i samband med de\u00a0sista power-point-bilderna. Allts\u00e5 vad det egentligen var de ville s\u00e4ga efter inledning, bakgrund, artigheter, siffror, f\u00f6rkortningar och formalia.<\/p>\n<p>Detta fick mig att ge dem r\u00e5det: <strong><em>B\u00f6rja med slutet!<\/em><\/strong><\/p>\n","protected":false},"excerpt":{"rendered":"<p>Jag var f\u00f6r n\u00e5gra dagar sedan inbjuden till Warszawa som storytellerpropagandist och kanske rent av provakt\u00f6r n\u00e4r polska regeringen stod som v\u00e4rd f\u00f6r \u00d6stersj\u00f6seminarier under rubriken Positiv Change in the Baltic Sea Region. Representanter f\u00f6r de 8 l\u00e4nderna kring \u00d6stersj\u00f6n rapporterade om olika projekt och insatser. Jag sa till de f\u00f6rsamlade att de m\u00e5ste befolka&#8230;<\/p>\n","protected":false},"author":2,"featured_media":0,"comment_status":"open","ping_status":"open","sticky":false,"template":"","format":"standard","meta":[],"categories":[2],"tags":[],"_links":{"self":[{"href":"https:\/\/storytellers.se\/index.php?rest_route=\/wp\/v2\/posts\/4517"}],"collection":[{"href":"https:\/\/storytellers.se\/index.php?rest_route=\/wp\/v2\/posts"}],"about":[{"href":"https:\/\/storytellers.se\/index.php?rest_route=\/wp\/v2\/types\/post"}],"author":[{"embeddable":true,"href":"https:\/\/storytellers.se\/index.php?rest_route=\/wp\/v2\/users\/2"}],"replies":[{"embeddable":true,"href":"https:\/\/storytellers.se\/index.php?rest_route=%2Fwp%2Fv2%2Fcomments&post=4517"}],"version-history":[{"count":0,"href":"https:\/\/storytellers.se\/index.php?rest_route=\/wp\/v2\/posts\/4517\/revisions"}],"wp:attachment":[{"href":"https:\/\/storytellers.se\/index.php?rest_route=%2Fwp%2Fv2%2Fmedia&parent=4517"}],"wp:term":[{"taxonomy":"category","embeddable":true,"href":"https:\/\/storytellers.se\/index.php?rest_route=%2Fwp%2Fv2%2Fcategories&post=4517"},{"taxonomy":"post_tag","embeddable":true,"href":"https:\/\/storytellers.se\/index.php?rest_route=%2Fwp%2Fv2%2Ftags&post=4517"}],"curies":[{"name":"wp","href":"https:\/\/api.w.org\/{rel}","templated":true}]}}