{"id":4515,"date":"2015-12-03T12:34:48","date_gmt":"2015-12-03T11:34:48","guid":{"rendered":"http:\/\/storytellers.se\/?p=4515"},"modified":"2015-12-03T12:34:48","modified_gmt":"2015-12-03T11:34:48","slug":"ekoraddning-pagar","status":"publish","type":"post","link":"https:\/\/storytellers.se\/?p=4515","title":{"rendered":"Ekor\u00e4ddning p\u00e5g\u00e5r"},"content":{"rendered":"<p>8 l\u00e4nder \u00e4r inblandade i en gigantisk r\u00e4ddningsinsats av <em>\u00d6stersj\u00f6omr\u00e5det<\/em>. Tv\u00e4rs \u00f6ver gamla nationsgr\u00e4nser och spr\u00e5kgr\u00e4nser f\u00f6rs ett ekokrig <strong>mot<\/strong> nedsmutsning och nedbrytning och <strong>f\u00f6r<\/strong> b\u00e4ttre samarbete och b\u00e4ttre organisationsutveckling. Om n\u00e5gra \u00e5rtionden ska \u00d6stersj\u00f6n vara r\u00e4ddad regionen stimulerad och vi ska l\u00e4mna \u00f6ver en livskraftig frisk, \u00e5terst\u00e4lld milj\u00f6 till v\u00e5ra barn och barnbarn.<\/p>\n<p>H\u00e4r borde vi alla jubla och appl\u00e5dera men problemet \u00e4r att vi och v\u00e5ra barn inte k\u00e4nner till vad som p\u00e5g\u00e5r eftersom de EU-organ som ligger bakom inte riktigt lyckas ber\u00e4tta om detta. De talar mest om strategier och avtal. Det EU-byr\u00e5kratiska s\u00e4ttet att uttrycka sig kommunicerar m\u00e4rkligt nog ofta utan att involvera de 85 miljoner m\u00e4nniskor som faktiskt bor kring \u00d6stersj\u00f6n.<\/p>\n<p>Vi skulle alla skulle kunna b\u00e4ra och sprida den fantastiska ber\u00e4ttelsen om ekor\u00e4ddningen i norra Europa om vi bara hade storyn.<\/p>\n<p>D\u00e4rf\u00f6r blir jag d\u00e5 och d\u00e5 inbjuden av EU f\u00f6r att med med mina storytellingperspektiv stimulera ber\u00e4ttandet om de framg\u00e5ngar som g\u00f6rs.<\/p>\n<p><em>\u2013 Befolka ber\u00e4ttelsen om r\u00e4ddningsaktionen! Ber\u00e4tta om m\u00e4nniskor som m\u00e4rker att n\u00e5got h\u00e4nder! dundrar jag.<\/em> Senast f\u00f6r n\u00e5gra dagar sedan i <strong>Turku<\/strong> i n\u00e4sta vecka i <strong>Warszawa<\/strong>.<\/p>\n<p>Jag vill f\u00f6rst\u00e5s att mina v\u00e4nner och mina barn ska veta vad som p\u00e5g\u00e5r. Men d\u00e5 m\u00e5ste f\u00f6rst\u00e5s ber\u00e4ttelsen byggas.<\/p>\n<p>Utan ber\u00e4ttelser finns vi ju inte.<\/p>\n","protected":false},"excerpt":{"rendered":"<p>8 l\u00e4nder \u00e4r inblandade i en gigantisk r\u00e4ddningsinsats av \u00d6stersj\u00f6omr\u00e5det. Tv\u00e4rs \u00f6ver gamla nationsgr\u00e4nser och spr\u00e5kgr\u00e4nser f\u00f6rs ett ekokrig mot nedsmutsning och nedbrytning och f\u00f6r b\u00e4ttre samarbete och b\u00e4ttre organisationsutveckling. Om n\u00e5gra \u00e5rtionden ska \u00d6stersj\u00f6n vara r\u00e4ddad regionen stimulerad och vi ska l\u00e4mna \u00f6ver en livskraftig frisk, \u00e5terst\u00e4lld milj\u00f6 till v\u00e5ra barn och barnbarn. H\u00e4r&#8230;<\/p>\n","protected":false},"author":2,"featured_media":0,"comment_status":"open","ping_status":"open","sticky":false,"template":"","format":"standard","meta":[],"categories":[10],"tags":[],"_links":{"self":[{"href":"https:\/\/storytellers.se\/index.php?rest_route=\/wp\/v2\/posts\/4515"}],"collection":[{"href":"https:\/\/storytellers.se\/index.php?rest_route=\/wp\/v2\/posts"}],"about":[{"href":"https:\/\/storytellers.se\/index.php?rest_route=\/wp\/v2\/types\/post"}],"author":[{"embeddable":true,"href":"https:\/\/storytellers.se\/index.php?rest_route=\/wp\/v2\/users\/2"}],"replies":[{"embeddable":true,"href":"https:\/\/storytellers.se\/index.php?rest_route=%2Fwp%2Fv2%2Fcomments&post=4515"}],"version-history":[{"count":0,"href":"https:\/\/storytellers.se\/index.php?rest_route=\/wp\/v2\/posts\/4515\/revisions"}],"wp:attachment":[{"href":"https:\/\/storytellers.se\/index.php?rest_route=%2Fwp%2Fv2%2Fmedia&parent=4515"}],"wp:term":[{"taxonomy":"category","embeddable":true,"href":"https:\/\/storytellers.se\/index.php?rest_route=%2Fwp%2Fv2%2Fcategories&post=4515"},{"taxonomy":"post_tag","embeddable":true,"href":"https:\/\/storytellers.se\/index.php?rest_route=%2Fwp%2Fv2%2Ftags&post=4515"}],"curies":[{"name":"wp","href":"https:\/\/api.w.org\/{rel}","templated":true}]}}