{"id":4498,"date":"2015-11-21T09:58:08","date_gmt":"2015-11-21T08:58:08","guid":{"rendered":"http:\/\/storytellers.se\/?p=4498"},"modified":"2015-11-21T09:58:08","modified_gmt":"2015-11-21T08:58:08","slug":"din-vision-bygger-organisation","status":"publish","type":"post","link":"https:\/\/storytellers.se\/?p=4498","title":{"rendered":"Din vision bygger organisation"},"content":{"rendered":"<p>N\u00e4r jag h\u00e4romdagen, \u00e4n en g\u00e5ng, g\u00e4stf\u00f6rel\u00e4ste p\u00e5 <em><strong>Berghs School of Communication<\/strong><\/em> i Stockholm ingick i uppdraget att ge de vuxna yrkesverksamma kv\u00e4llsstudenterna en uppgift att l\u00e4mna in.<\/p>\n<p>Jag talade f\u00f6rst\u00e5s som vanligt om storytellingverktyget inom content, rekrytering, s\u00e4lj etcetera och hamnade i min vanliga varning att se upp s\u00e5 man inte ser <em>storytelling som historieskrivning<\/em> utan mer som ett s\u00e4tt att anv\u00e4nda storytellingperspektivet f\u00f6r att utveckla organisationer och bygga framtid.<\/p>\n<p>F\u00f6r att ordentligt s\u00e4tta detta i kursdeltagarnas minnen gav jag dem uppgiften att leverera en ber\u00e4ttelse d\u00e4r de \u00e5r 2020 \u00e4r en del av sin nuvarande organisation som d\u00e5 \u00e4r mer utvecklad \u00e4n den \u00e4r idag. En visionsber\u00e4ttelse kopplad till b\u00e5de den egna utvecklingen och organisationens utveckling allts\u00e5.<\/p>\n<p>Detta \u00e4r ett av m\u00e5nga knep att ber\u00e4tta sig in i framtiden.<\/p>\n","protected":false},"excerpt":{"rendered":"<p>N\u00e4r jag h\u00e4romdagen, \u00e4n en g\u00e5ng, g\u00e4stf\u00f6rel\u00e4ste p\u00e5 Berghs School of Communication i Stockholm ingick i uppdraget att ge de vuxna yrkesverksamma kv\u00e4llsstudenterna en uppgift att l\u00e4mna in. Jag talade f\u00f6rst\u00e5s som vanligt om storytellingverktyget inom content, rekrytering, s\u00e4lj etcetera och hamnade i min vanliga varning att se upp s\u00e5 man inte ser storytelling som&#8230;<\/p>\n","protected":false},"author":2,"featured_media":0,"comment_status":"open","ping_status":"open","sticky":false,"template":"","format":"standard","meta":[],"categories":[2],"tags":[],"_links":{"self":[{"href":"https:\/\/storytellers.se\/index.php?rest_route=\/wp\/v2\/posts\/4498"}],"collection":[{"href":"https:\/\/storytellers.se\/index.php?rest_route=\/wp\/v2\/posts"}],"about":[{"href":"https:\/\/storytellers.se\/index.php?rest_route=\/wp\/v2\/types\/post"}],"author":[{"embeddable":true,"href":"https:\/\/storytellers.se\/index.php?rest_route=\/wp\/v2\/users\/2"}],"replies":[{"embeddable":true,"href":"https:\/\/storytellers.se\/index.php?rest_route=%2Fwp%2Fv2%2Fcomments&post=4498"}],"version-history":[{"count":0,"href":"https:\/\/storytellers.se\/index.php?rest_route=\/wp\/v2\/posts\/4498\/revisions"}],"wp:attachment":[{"href":"https:\/\/storytellers.se\/index.php?rest_route=%2Fwp%2Fv2%2Fmedia&parent=4498"}],"wp:term":[{"taxonomy":"category","embeddable":true,"href":"https:\/\/storytellers.se\/index.php?rest_route=%2Fwp%2Fv2%2Fcategories&post=4498"},{"taxonomy":"post_tag","embeddable":true,"href":"https:\/\/storytellers.se\/index.php?rest_route=%2Fwp%2Fv2%2Ftags&post=4498"}],"curies":[{"name":"wp","href":"https:\/\/api.w.org\/{rel}","templated":true}]}}