{"id":4491,"date":"2015-11-11T17:53:42","date_gmt":"2015-11-11T16:53:42","guid":{"rendered":"http:\/\/storytellers.se\/?p=4491"},"modified":"2015-11-11T17:53:42","modified_gmt":"2015-11-11T16:53:42","slug":"employer-branding-och-storytelling-1-december","status":"publish","type":"post","link":"https:\/\/storytellers.se\/?p=4491","title":{"rendered":"Employer branding och storytelling 1 december"},"content":{"rendered":"<p>Nu b\u00f6rjar det bli ganska fullt p\u00e5 <a href=\"http:\/\/hrbloggen.se\/seminarier\/employer-branding-for-hr\">utbildningen om employer branding<\/a> och storytelling, som HR-bloggen k\u00f6r f\u00f6r sj\u00e4tte \u00e5ret i rad i \u00e5r den 1 december!<\/p>\n<p>Jag \u00e4r en av f\u00f6rel\u00e4sarna. Dessutom deltar <strong>Emma Wincrantz<\/strong> som \u00e4r specialist p\u00e5 employer branding och partner p\u00e5 konsultbolaget <em>Sweden HR group<\/em>. Hon har hj\u00e4lpt flera namnkunniga bolag inom n\u00e4ringslivet att bli attraktiva arbetsgivare. <strong>Annika Ahnlund<\/strong> talar ocks\u00e5 om hur man n\u00e5r ut med sitt erbjudande via sociala medier f\u00f6r att f\u00f6rmedla arbetsplatskultur och v\u00e4rderingar den v\u00e4gen.<\/p>\n<p>Bland \u00e5rets deltagare m\u00e4rks bl a <em>Alecta, SKF, Linkon, Skatteverket, Tikkurila, Landstinget Blekinge<\/em> och <em>Svenska Bost\u00e4der<\/em>.<\/p>\n","protected":false},"excerpt":{"rendered":"<p>Nu b\u00f6rjar det bli ganska fullt p\u00e5 utbildningen om employer branding och storytelling, som HR-bloggen k\u00f6r f\u00f6r sj\u00e4tte \u00e5ret i rad i \u00e5r den 1 december! Jag \u00e4r en av f\u00f6rel\u00e4sarna. Dessutom deltar Emma Wincrantz som \u00e4r specialist p\u00e5 employer branding och partner p\u00e5 konsultbolaget Sweden HR group. Hon har hj\u00e4lpt flera namnkunniga bolag inom&#8230;<\/p>\n","protected":false},"author":2,"featured_media":0,"comment_status":"open","ping_status":"open","sticky":false,"template":"","format":"standard","meta":[],"categories":[9],"tags":[],"_links":{"self":[{"href":"https:\/\/storytellers.se\/index.php?rest_route=\/wp\/v2\/posts\/4491"}],"collection":[{"href":"https:\/\/storytellers.se\/index.php?rest_route=\/wp\/v2\/posts"}],"about":[{"href":"https:\/\/storytellers.se\/index.php?rest_route=\/wp\/v2\/types\/post"}],"author":[{"embeddable":true,"href":"https:\/\/storytellers.se\/index.php?rest_route=\/wp\/v2\/users\/2"}],"replies":[{"embeddable":true,"href":"https:\/\/storytellers.se\/index.php?rest_route=%2Fwp%2Fv2%2Fcomments&post=4491"}],"version-history":[{"count":0,"href":"https:\/\/storytellers.se\/index.php?rest_route=\/wp\/v2\/posts\/4491\/revisions"}],"wp:attachment":[{"href":"https:\/\/storytellers.se\/index.php?rest_route=%2Fwp%2Fv2%2Fmedia&parent=4491"}],"wp:term":[{"taxonomy":"category","embeddable":true,"href":"https:\/\/storytellers.se\/index.php?rest_route=%2Fwp%2Fv2%2Fcategories&post=4491"},{"taxonomy":"post_tag","embeddable":true,"href":"https:\/\/storytellers.se\/index.php?rest_route=%2Fwp%2Fv2%2Ftags&post=4491"}],"curies":[{"name":"wp","href":"https:\/\/api.w.org\/{rel}","templated":true}]}}