{"id":4488,"date":"2015-11-06T09:02:53","date_gmt":"2015-11-06T08:02:53","guid":{"rendered":"http:\/\/storytellers.se\/?p=4488"},"modified":"2015-11-06T09:02:53","modified_gmt":"2015-11-06T08:02:53","slug":"forst-kultur-sen-kvalitet","status":"publish","type":"post","link":"https:\/\/storytellers.se\/?p=4488","title":{"rendered":"F\u00f6rst kultur sen kvalitet"},"content":{"rendered":"<p>Jag k\u00e4nner en man som blev erbjuden jobbet som kvalitetschef p\u00e5 ett stort internationellt f\u00f6retag. Han var glad att han blivit tillfr\u00e5gad och var klart intresserad av jobbet. Men ett krav hade han och det tog han med sig in i jobbet som han sen tackade ja till:<\/p>\n<p><em>&#8211; P\u00e5 visitkortet ska det st\u00e5 kulturchef. Inte kvalitetschef. F\u00f6r f\u00f6rst kommer en tydlig kultur och det leder i sin tur till kvalitet.<\/em><\/p>\n<p>Dessa tankeg\u00e5ngar har jag alltid gillat och de bekr\u00e4ftar ocks\u00e5 hela min mission. <em>Storytellng in and about organizations<\/em> \u00e4r n\u00e4mligen kulturarbete. Kulturen synligg\u00f6rs av de sanna ber\u00e4ttelser som visar den. Befolkade ber\u00e4ttelser som visar verkliga v\u00e4rderingar, kompetens och merv\u00e4rden och som visar meningen med verksamheten och dess varor och tj\u00e4nster. Vittnesb\u00f6rd om detta \u00e4r kulturuttryck.<\/p>\n<p>S\u00e5 fram f\u00f6r fler kulturchefer i arbetslivet. Ber\u00e4ttelserna \u00e4r ett kulturkapital som b\u00f6r s\u00e4ttas i arbete.<\/p>\n","protected":false},"excerpt":{"rendered":"<p>Jag k\u00e4nner en man som blev erbjuden jobbet som kvalitetschef p\u00e5 ett stort internationellt f\u00f6retag. Han var glad att han blivit tillfr\u00e5gad och var klart intresserad av jobbet. Men ett krav hade han och det tog han med sig in i jobbet som han sen tackade ja till: &#8211; P\u00e5 visitkortet ska det st\u00e5 kulturchef&#8230;.<\/p>\n","protected":false},"author":2,"featured_media":0,"comment_status":"open","ping_status":"open","sticky":false,"template":"","format":"standard","meta":[],"categories":[2],"tags":[],"_links":{"self":[{"href":"https:\/\/storytellers.se\/index.php?rest_route=\/wp\/v2\/posts\/4488"}],"collection":[{"href":"https:\/\/storytellers.se\/index.php?rest_route=\/wp\/v2\/posts"}],"about":[{"href":"https:\/\/storytellers.se\/index.php?rest_route=\/wp\/v2\/types\/post"}],"author":[{"embeddable":true,"href":"https:\/\/storytellers.se\/index.php?rest_route=\/wp\/v2\/users\/2"}],"replies":[{"embeddable":true,"href":"https:\/\/storytellers.se\/index.php?rest_route=%2Fwp%2Fv2%2Fcomments&post=4488"}],"version-history":[{"count":0,"href":"https:\/\/storytellers.se\/index.php?rest_route=\/wp\/v2\/posts\/4488\/revisions"}],"wp:attachment":[{"href":"https:\/\/storytellers.se\/index.php?rest_route=%2Fwp%2Fv2%2Fmedia&parent=4488"}],"wp:term":[{"taxonomy":"category","embeddable":true,"href":"https:\/\/storytellers.se\/index.php?rest_route=%2Fwp%2Fv2%2Fcategories&post=4488"},{"taxonomy":"post_tag","embeddable":true,"href":"https:\/\/storytellers.se\/index.php?rest_route=%2Fwp%2Fv2%2Ftags&post=4488"}],"curies":[{"name":"wp","href":"https:\/\/api.w.org\/{rel}","templated":true}]}}