{"id":4485,"date":"2015-11-04T13:44:53","date_gmt":"2015-11-04T12:44:53","guid":{"rendered":"http:\/\/storytellers.se\/?p=4485"},"modified":"2015-11-04T13:44:53","modified_gmt":"2015-11-04T12:44:53","slug":"storytelling-bygger-content-bli-min-gast-19-nov","status":"publish","type":"post","link":"https:\/\/storytellers.se\/?p=4485","title":{"rendered":"Storytelling bygger content &#8211; bli min g\u00e4st 19 nov"},"content":{"rendered":"<p>Den 19 november bjuder jag p\u00e5 en timmes insprationsf\u00f6rel\u00e4sning p\u00e5 K22 p\u00e5 S\u00f6dermalm i Stockholm. Funderar du p\u00e5 storytelling och kanske content \/ inneh\u00e5ll f\u00f6r din organisation och vill f\u00e5 syn p\u00e5 storytellingverktyget s\u00e5 \u00e4r du v\u00e4lkommen. Jag ber\u00e4ttar utifr\u00e5n mina 15 \u00e5rs erfarenhet inom storytelling \/ storylistening \/ storybuilding \/ storyselling och allt vad det kallas. K\u00e4rt barn har m\u00e5nga namn. Storytelling \u00e4r helt enkelt anv\u00e4ndande av sk\u00f6rdade sanna ber\u00e4ttelser som bygger verkligt inneh\u00e5ll och verkliga m\u00e4nniskor. Inte utifr\u00e5n p\u00e5hittade s\u00e5 kallade <em>personas<\/em>.<\/p>\n<p>Mina \u00f6ppna inspirationsseminarier har rullat p\u00e5 under hela 2000-talet med tusentals g\u00e4ster och det \u00e4r klart att de speglar dagsl\u00e4get och skiljer sig \u00f6ver tiden. Men kvar \u00e4r grunden att vi ska s\u00f6ka, finna och bygga verkliga ber\u00e4ttelser som har ett relevant inneh\u00e5ll f\u00f6r kunder, klienter, medarbetare, \u00e4gare etcetera. Jag reflekterar under seminariet med hj\u00e4lp av ber\u00e4ttelser fr\u00e5n m\u00e5nga av alla mina uppdrag.<\/p>\n<p>Inspirationsseminariet \u00e4r gratis den 19 nov kl 13.00-14.00 och du kan k\u00f6pa min bok <strong>Storytelling befolkar varum\u00e4rket<\/strong> direkt d\u00e4r till l\u00e5gt f\u00f6rlagspris om du vill. Ta en bok s\u00e5 kommer fakturan p\u00e5 posten fr\u00e5n f\u00f6rlaget.<\/p>\n<p>Om du vill komma s\u00e5 mejlar du matts@storytellers.se och skriver helt enkelt <em>19 november<\/em> i rubrikraden s\u00e5 \u00e5terkommer jag med koder och annan information.<\/p>\n","protected":false},"excerpt":{"rendered":"<p>Den 19 november bjuder jag p\u00e5 en timmes insprationsf\u00f6rel\u00e4sning p\u00e5 K22 p\u00e5 S\u00f6dermalm i Stockholm. Funderar du p\u00e5 storytelling och kanske content \/ inneh\u00e5ll f\u00f6r din organisation och vill f\u00e5 syn p\u00e5 storytellingverktyget s\u00e5 \u00e4r du v\u00e4lkommen. Jag ber\u00e4ttar utifr\u00e5n mina 15 \u00e5rs erfarenhet inom storytelling \/ storylistening \/ storybuilding \/ storyselling och allt vad&#8230;<\/p>\n","protected":false},"author":2,"featured_media":0,"comment_status":"open","ping_status":"open","sticky":false,"template":"","format":"standard","meta":[],"categories":[9],"tags":[],"_links":{"self":[{"href":"https:\/\/storytellers.se\/index.php?rest_route=\/wp\/v2\/posts\/4485"}],"collection":[{"href":"https:\/\/storytellers.se\/index.php?rest_route=\/wp\/v2\/posts"}],"about":[{"href":"https:\/\/storytellers.se\/index.php?rest_route=\/wp\/v2\/types\/post"}],"author":[{"embeddable":true,"href":"https:\/\/storytellers.se\/index.php?rest_route=\/wp\/v2\/users\/2"}],"replies":[{"embeddable":true,"href":"https:\/\/storytellers.se\/index.php?rest_route=%2Fwp%2Fv2%2Fcomments&post=4485"}],"version-history":[{"count":0,"href":"https:\/\/storytellers.se\/index.php?rest_route=\/wp\/v2\/posts\/4485\/revisions"}],"wp:attachment":[{"href":"https:\/\/storytellers.se\/index.php?rest_route=%2Fwp%2Fv2%2Fmedia&parent=4485"}],"wp:term":[{"taxonomy":"category","embeddable":true,"href":"https:\/\/storytellers.se\/index.php?rest_route=%2Fwp%2Fv2%2Fcategories&post=4485"},{"taxonomy":"post_tag","embeddable":true,"href":"https:\/\/storytellers.se\/index.php?rest_route=%2Fwp%2Fv2%2Ftags&post=4485"}],"curies":[{"name":"wp","href":"https:\/\/api.w.org\/{rel}","templated":true}]}}