{"id":4481,"date":"2015-10-28T15:36:43","date_gmt":"2015-10-28T14:36:43","guid":{"rendered":"http:\/\/storytellers.se\/?p=4481"},"modified":"2015-10-28T15:36:43","modified_gmt":"2015-10-28T14:36:43","slug":"att-beratta-sig-in-i-framtiden-3","status":"publish","type":"post","link":"https:\/\/storytellers.se\/?p=4481","title":{"rendered":"Att  ber\u00e4tta sig in i framtiden"},"content":{"rendered":"<p>Jag har h\u00f6rt m\u00e5nga m\u00e4nniskor inom privat, offentlig och ideell sektor sucka \u00f6ver organisationsf\u00f6r\u00e4ndringar som de tycker att de uts\u00e4tts f\u00f6r. Det g\u00e5r snart \u00f6ver suckar n\u00e5gra. Det \u00e4r inte n\u00f6dv\u00e4ndigtvis s\u00e5 att de \u00e4r emot f\u00f6r\u00e4ndringar. Snarare \u00e4r det s\u00e5 att de inte riktigt f\u00f6rst\u00e5r vad de nya pilarna och boxarna och rapporteringsordningarna betyder i praktiken. Skisserna kan vara formulerade av organisationsdesigners som alltf\u00f6r ofta gl\u00f6mmer det enkla faktum att <em>organisation = m\u00e4nniskor<\/em>.<\/p>\n<p>D\u00e5 kan ber\u00e4ttelser som via verkliga m\u00e4nniskor i verkliga situationer synligg\u00f6r nyttan med den nya ordningen vara bra att ha. P\u00e5 s\u00e5 vis kan Corporate Storytelling, som verktyg, bidra till organisationsutveckling och g\u00f6ra det m\u00f6jligt f\u00f6r att g\u00f6ra den t\u00e4nkta framtiden synlig. Allts\u00e5 fr\u00e5n abstrakta resonemang till synliga befolkade h\u00e4ndelser.<\/p>\n<p>Man kan allts\u00e5 ber\u00e4tta sig in i framtiden.<\/p>\n","protected":false},"excerpt":{"rendered":"<p>Jag har h\u00f6rt m\u00e5nga m\u00e4nniskor inom privat, offentlig och ideell sektor sucka \u00f6ver organisationsf\u00f6r\u00e4ndringar som de tycker att de uts\u00e4tts f\u00f6r. Det g\u00e5r snart \u00f6ver suckar n\u00e5gra. Det \u00e4r inte n\u00f6dv\u00e4ndigtvis s\u00e5 att de \u00e4r emot f\u00f6r\u00e4ndringar. Snarare \u00e4r det s\u00e5 att de inte riktigt f\u00f6rst\u00e5r vad de nya pilarna och boxarna och rapporteringsordningarna betyder&#8230;<\/p>\n","protected":false},"author":2,"featured_media":0,"comment_status":"open","ping_status":"open","sticky":false,"template":"","format":"standard","meta":[],"categories":[2],"tags":[],"_links":{"self":[{"href":"https:\/\/storytellers.se\/index.php?rest_route=\/wp\/v2\/posts\/4481"}],"collection":[{"href":"https:\/\/storytellers.se\/index.php?rest_route=\/wp\/v2\/posts"}],"about":[{"href":"https:\/\/storytellers.se\/index.php?rest_route=\/wp\/v2\/types\/post"}],"author":[{"embeddable":true,"href":"https:\/\/storytellers.se\/index.php?rest_route=\/wp\/v2\/users\/2"}],"replies":[{"embeddable":true,"href":"https:\/\/storytellers.se\/index.php?rest_route=%2Fwp%2Fv2%2Fcomments&post=4481"}],"version-history":[{"count":0,"href":"https:\/\/storytellers.se\/index.php?rest_route=\/wp\/v2\/posts\/4481\/revisions"}],"wp:attachment":[{"href":"https:\/\/storytellers.se\/index.php?rest_route=%2Fwp%2Fv2%2Fmedia&parent=4481"}],"wp:term":[{"taxonomy":"category","embeddable":true,"href":"https:\/\/storytellers.se\/index.php?rest_route=%2Fwp%2Fv2%2Fcategories&post=4481"},{"taxonomy":"post_tag","embeddable":true,"href":"https:\/\/storytellers.se\/index.php?rest_route=%2Fwp%2Fv2%2Ftags&post=4481"}],"curies":[{"name":"wp","href":"https:\/\/api.w.org\/{rel}","templated":true}]}}