{"id":4479,"date":"2015-10-19T12:52:36","date_gmt":"2015-10-19T10:52:36","guid":{"rendered":"http:\/\/storytellers.se\/?p=4479"},"modified":"2015-10-19T12:52:36","modified_gmt":"2015-10-19T10:52:36","slug":"har-poliser-kanslor","status":"publish","type":"post","link":"https:\/\/storytellers.se\/?p=4479","title":{"rendered":"Har poliser k\u00e4nslor?"},"content":{"rendered":"<p>F\u00f6r m\u00e5nga \u00e5r sedan hade jag storytellinguppdrag p\u00e5 <em>Polish\u00f6gskolan<\/em>. De hade en case-metodik d\u00e4r de spelade upp och diskuterade arbetet utifr\u00e5n verkliga h\u00e4ndelser. Jag s\u00f6kte, fann och sk\u00f6rdade ber\u00e4ttelser om polisens vardag.<\/p>\n<p>P\u00e5 senare tid har det tidvis varit diskussioner i gammelmedia om polisens twittrande och facebookande. En del menar d\u00e5 att &#8221;<em>vi beh\u00f6ver inte polisers k\u00e4nslor<\/em>&#8221;, menar <strong>Kerstin Weigl<\/strong> i Aftonbladet och <strong>Csaba Bene Perlenberg<\/strong> i Dagens Nyheter ifr\u00e5gas\u00e4tter polisber\u00e4ttandet under rubriken: &#8221;<em>Gr\u00e5tande poliser l\u00f6ser inga brott<\/em>.&#8221;<\/p>\n<p>Polisen i Lund kunde p\u00e5 sin facebooksida ber\u00e4tta om den ensamkommande flyktingpojken som f\u00f6rs\u00f6kt beg\u00e5 sj\u00e4lvmord: &#8221;<em>Nu st\u00e5r jag upp i ambulansen, lutar mig \u00f6ver dig och trycker ned dig p\u00e5 b\u00e5ren i ett f\u00f6rs\u00f6k att f\u00e5 dig att f\u00f6rbli stilla. En svettdroppe faller fr\u00e5n min panna och tr\u00e4ffar dig p\u00e5 h\u00f6gerkinden<\/em>.&#8221;<\/p>\n<p>Jag kan inte se att denna typ av emotionell kommunikation skulle vara d\u00e5lig. Det \u00e4r klart att polisen har k\u00e4nslor som alla andra. Jag tror det \u00f6kar f\u00f6rst\u00e5elsen och p\u00e5verkar rekryteringen av en polisk\u00e5r som beh\u00f6ver vara ink\u00e4nnande samtidigt som den f\u00f6rvaltar sitt v\u00e5ldsmonopol.<\/p>\n<p>Som <a href=\"http:\/\/storytellers.se\/2015\/05\/26\/polisen-berattar-4\/\">det h\u00e4r exemplet<\/a> fr\u00e5n polisen p\u00e5 S\u00f6dermalm.<\/p>\n","protected":false},"excerpt":{"rendered":"<p>F\u00f6r m\u00e5nga \u00e5r sedan hade jag storytellinguppdrag p\u00e5 Polish\u00f6gskolan. De hade en case-metodik d\u00e4r de spelade upp och diskuterade arbetet utifr\u00e5n verkliga h\u00e4ndelser. Jag s\u00f6kte, fann och sk\u00f6rdade ber\u00e4ttelser om polisens vardag. P\u00e5 senare tid har det tidvis varit diskussioner i gammelmedia om polisens twittrande och facebookande. En del menar d\u00e5 att &#8221;vi beh\u00f6ver inte&#8230;<\/p>\n","protected":false},"author":2,"featured_media":0,"comment_status":"open","ping_status":"open","sticky":false,"template":"","format":"standard","meta":[],"categories":[10],"tags":[],"_links":{"self":[{"href":"https:\/\/storytellers.se\/index.php?rest_route=\/wp\/v2\/posts\/4479"}],"collection":[{"href":"https:\/\/storytellers.se\/index.php?rest_route=\/wp\/v2\/posts"}],"about":[{"href":"https:\/\/storytellers.se\/index.php?rest_route=\/wp\/v2\/types\/post"}],"author":[{"embeddable":true,"href":"https:\/\/storytellers.se\/index.php?rest_route=\/wp\/v2\/users\/2"}],"replies":[{"embeddable":true,"href":"https:\/\/storytellers.se\/index.php?rest_route=%2Fwp%2Fv2%2Fcomments&post=4479"}],"version-history":[{"count":0,"href":"https:\/\/storytellers.se\/index.php?rest_route=\/wp\/v2\/posts\/4479\/revisions"}],"wp:attachment":[{"href":"https:\/\/storytellers.se\/index.php?rest_route=%2Fwp%2Fv2%2Fmedia&parent=4479"}],"wp:term":[{"taxonomy":"category","embeddable":true,"href":"https:\/\/storytellers.se\/index.php?rest_route=%2Fwp%2Fv2%2Fcategories&post=4479"},{"taxonomy":"post_tag","embeddable":true,"href":"https:\/\/storytellers.se\/index.php?rest_route=%2Fwp%2Fv2%2Ftags&post=4479"}],"curies":[{"name":"wp","href":"https:\/\/api.w.org\/{rel}","templated":true}]}}